{"id":32191,"date":"2021-09-08T18:35:31","date_gmt":"2021-09-08T21:35:31","guid":{"rendered":"http:\/\/www.centraldenoticias.com.ar\/?p=32191"},"modified":"2021-09-08T20:47:58","modified_gmt":"2021-09-08T23:47:58","slug":"alertas-amarillo-la-lluvia-acumulada-ya-supero-los-80-milimetros","status":"publish","type":"post","link":"https:\/\/cdnoticias.com\/index.php\/2021\/09\/08\/alertas-amarillo-la-lluvia-acumulada-ya-supero-los-80-milimetros\/","title":{"rendered":"Alertas \u201camarillo\u201d: La lluvia acumulada super\u00f3 los 80 mil\u00edmetros y las r\u00e1fagas los 90 km\/h"},"content":{"rendered":"<p>A la par, en el inicio de la ma\u00f1ana las r\u00e1fagas de viento superaron los 80 km\/h. Los datos proporcionados por la Estaci\u00f3n Meteorol\u00f3gica local.<!--more--><\/p>\n<hr \/>\n<p>Un verdadero d\u00eda de mi\u00e9rcoles. Desde el inicio de la jornada ni el viento ni la lluvia han dado tregua y, lamentablemente, todo parece que seguir\u00e1 de esa manera hasta el cierre de la jornada. El dato a no olvidar, es que<strong> Olavarr\u00eda se encuentra dentro del \u00e1rea de influencia de dos alertas \u201camarillo\u201d, precisamente por abundantes lluvias y fuertes vientos.<\/strong><\/p>\n<p>&nbsp;<\/p>\n<p>El primer dato que sobresale es que los valores registrados desde la Estaci\u00f3n Meteorol\u00f3gica local,<a href=\"https:\/\/cdnoticias.com\/index.php\/2021\/09\/08\/la-estacion-meteorologica-local-cumple-34-anos-informando-y-cuidando-a-la-ciudad\/\" target=\"_blank\" rel=\"noopener\"> que hoy est\u00e1 cumpliendo 34 a\u00f1os<\/a>, fueron a\u00fan m\u00e1s elevados que los anticipados en las respectivas alertas. En lo que a vientos refiere, la advertencia daba cuenta que \u201cel \u00e1rea ser\u00e1 afectada por vientos con velocidades entre 35 y 50 km\/h con r\u00e1fagas que podr\u00edan alcanzar entre 60 y 80 km\/h\u201d. <strong>Lo relevante es que cada una de esas cifras fueron superadas durante el inicio de esta ma\u00f1ana.<\/strong><\/p>\n<p>&nbsp;<\/p>\n<p><strong>Tal es as\u00ed que en los partes emitidos tanto a las 8 como a las 9 se dio cuenta de vientos superiores a los 45 km\/h y con r\u00e1fagas de 84 km\/h<\/strong>. <em><strong>Central de Noticias<\/strong> <\/em>dialog\u00f3 con fuentes del \u00e1rea de Defensa Civil y Bomberos Voluntarios quienes, si bien reconocieron que prestaron colaboraci\u00f3n en distintas tareas, afortunadamente no debieron intervenir en ninguna emergencia o situaci\u00f3n derivada de estos fuertes vientos. <strong>Los valores m\u00e1s fuertes se dieron a las 19, con vientos de 55 km\/h y r\u00e1fagas de 92 km\/h.<\/strong><\/p>\n<p>&nbsp;<\/p>\n<p>Con respecto a las lluvias sucede algo similar. \u201cEl \u00e1rea ser\u00e1 afectada por lluvias, algunas fuertes. Se prev\u00e9n valores de precipitaci\u00f3n acumulada entre 30 y 60 mm, pudiendo ser superados localmente\u201d fue lo que se anticip\u00f3 y claramente se puede decir que pas\u00f3 lo \u00faltimo, ya que los informes de esta tarde\u00a0<strong>dieron cuenta de una precipitaci\u00f3n acumulada de m\u00e1s de 80 mm, incluyendo las precipitaciones que se registraron durante el martes. A las 19, para ser precisos, ese valor ya hab\u00eda trepado a los 86.5 mm.<\/strong><\/p>\n<p>&nbsp;<\/p>\n<p>Para el jueves, si bien ya no seguir\u00e1 vigente el alerta por lluvias, las precipitaciones se seguir\u00edan dando durante el inicio de la jornada, al igual que los vientos fuertes, para lo cual el alerta regir\u00e1 hasta la tarde. Precisamente a partir de all\u00ed, afortunadamente, <strong>no se prev\u00e9n lluvias y s\u00ed una merma en los vientos, lo que permitir\u00e1 que la temperatura ascienda hasta los 15 grados.<\/strong><\/p>\n","protected":false},"excerpt":{"rendered":"<p>A la par, en el inicio de la ma\u00f1ana las r\u00e1fagas de viento superaron los 80 km\/h. Los datos proporcionados<\/p>\n","protected":false},"author":3,"featured_media":0,"comment_status":"closed","ping_status":"closed","sticky":false,"template":"","format":"standard","meta":{"_jetpack_memberships_contains_paid_content":false,"footnotes":""},"categories":[5,1],"tags":[],"class_list":["post-32191","post","type-post","status-publish","format-standard","hentry","category-informacion-general","category-portada"],"jetpack_featured_media_url":"","jetpack_sharing_enabled":true,"_links":{"self":[{"href":"https:\/\/cdnoticias.com\/index.php\/wp-json\/wp\/v2\/posts\/32191","targetHints":{"allow":["GET"]}}],"collection":[{"href":"https:\/\/cdnoticias.com\/index.php\/wp-json\/wp\/v2\/posts"}],"about":[{"href":"https:\/\/cdnoticias.com\/index.php\/wp-json\/wp\/v2\/types\/post"}],"author":[{"embeddable":true,"href":"https:\/\/cdnoticias.com\/index.php\/wp-json\/wp\/v2\/users\/3"}],"replies":[{"embeddable":true,"href":"https:\/\/cdnoticias.com\/index.php\/wp-json\/wp\/v2\/comments?post=32191"}],"version-history":[{"count":0,"href":"https:\/\/cdnoticias.com\/index.php\/wp-json\/wp\/v2\/posts\/32191\/revisions"}],"wp:attachment":[{"href":"https:\/\/cdnoticias.com\/index.php\/wp-json\/wp\/v2\/media?parent=32191"}],"wp:term":[{"taxonomy":"category","embeddable":true,"href":"https:\/\/cdnoticias.com\/index.php\/wp-json\/wp\/v2\/categories?post=32191"},{"taxonomy":"post_tag","embeddable":true,"href":"https:\/\/cdnoticias.com\/index.php\/wp-json\/wp\/v2\/tags?post=32191"}],"curies":[{"name":"wp","href":"https:\/\/api.w.org\/{rel}","templated":true}]}}