{"id":32186,"date":"2021-09-10T08:29:23","date_gmt":"2021-09-10T11:29:23","guid":{"rendered":"http:\/\/www.centraldenoticias.com.ar\/?p=32186"},"modified":"2021-09-10T08:29:23","modified_gmt":"2021-09-10T11:29:23","slug":"ciclo-de-presentaciones-de-libros-en-casa-del-bicentenario","status":"publish","type":"post","link":"https:\/\/cdnoticias.com\/index.php\/2021\/09\/10\/ciclo-de-presentaciones-de-libros-en-casa-del-bicentenario\/","title":{"rendered":"Ciclo de presentaciones de libros en Casa del Bicentenario"},"content":{"rendered":"<p>Las presentaciones de Ediciones Independientes Del Altillo ser\u00e1n el 18 de septiembre y el\u00a09 de octubre.\u00a0Ambas jornadas se iniciar\u00e1n a las 19:00 horas.<\/p>\n<p><!--more--><\/p>\n<hr \/>\n<p>&nbsp;<\/p>\n<p><strong>Ediciones Independientes Del Altillo<\/strong> anunci\u00f3 el inicio de un <strong>ciclo de presentaciones de los \u00faltimos libros editados<\/strong>. Se realizar\u00e1 en la <strong>Casa del Bicentenario<\/strong>, con la <strong>presencia de los autores de las obras.<\/strong><\/p>\n<p>&nbsp;<\/p>\n<p>La <strong>primera presentaci\u00f3n<\/strong> ser\u00e1 el d\u00eda <strong>s\u00e1bado 18 de septiembre<\/strong> con <em><strong>\u201cC\u00e1liz para laicos\u201d<\/strong><\/em> de <strong>Guillermo Del Zotto<\/strong>. Luego, el <strong>s\u00e1bado 9 de octubre<\/strong> ser\u00e1 el turno de <em><strong>\u201cQuinto elemento\u201d<\/strong> <\/em>de <strong>Alberto Bernab\u00e9 S\u00e1nchez Graf.<\/strong> Ambas<strong> jornadas<\/strong> se iniciar\u00e1n a las<strong> 19:00.<\/strong><\/p>\n<p>&nbsp;<\/p>\n<p>Por un lado, <em><strong>\u201cCaliz para laicos\u201d<\/strong> <\/em>es un <strong>poemario biling\u00fce (espa\u00f1ol-ruso)<\/strong> de <strong>Guillermo Del Zotto<\/strong> que re\u00fane <strong>tres grupos de poemas<\/strong> que han obtenido diferentes <strong>premios y distinciones<\/strong>. A esa antolog\u00eda se le agregan <strong>dos poemas in\u00e9ditos<\/strong> y la obra cuenta con un <strong>pr\u00f3logo de la poeta Mar\u00eda Julia Magistratti.<\/strong><\/p>\n<p>&nbsp;<\/p>\n<p>Por otro lado, <em><strong>\u201cQuinto elemento\u201d<\/strong><\/em> es la nueva obra de <strong>Alberto S\u00e1nchez Graf<\/strong>, reconocido <strong>poeta<\/strong> de nuestra ciudad que cuenta adem\u00e1s con t\u00edtulos como <strong>\u201cEl ojo desnudo\u201d<\/strong> y <strong>\u201cAnimal Simb\u00f3lico\u201d.<\/strong><\/p>\n<p>&nbsp;<\/p>\n<p>Desde\u00a0<strong>Del Atillo<\/strong>\u00a0se anticip\u00f3 adem\u00e1s que <strong>pr\u00f3ximamente se editar\u00e1n los libros <em>\u201cEl mismo r\u00edo\u201d<\/em><\/strong>, tercera novela de <strong>Carlos Verucchi<\/strong>;<em><strong> \u201cDesparido\u201d<\/strong><\/em>, la segunda obra de <strong>Fabricio Lucio<\/strong> y <strong>\u201c<\/strong><em><strong>Comienzo del juego&#8221;\u00a0<\/strong><\/em>\u2013 el arte de las estatuas vivientes\u201d de <strong>Mar\u00eda In\u00e9s Banegas<\/strong>. Estos libros, <strong>ya se encuentran en pre-venta<\/strong> y <strong>formar\u00e1n parte del ciclo de presentaciones<\/strong> mencionado.<\/p>\n<p>&nbsp;<\/p>\n<p>La<strong> entrada ser\u00e1 libre y gratuita<\/strong>, con la <strong>capacidad permitida seg\u00fan el aforo del protocolo sanitario<\/strong>. En la oportunidad, en cada una de las presentaciones <strong>se servir\u00e1 un vino de honor.<\/strong><\/p>\n<p>&nbsp;<\/p>\n","protected":false},"excerpt":{"rendered":"<p>Las presentaciones de Ediciones Independientes Del Altillo ser\u00e1n el 18 de septiembre y el\u00a09 de octubre.\u00a0Ambas jornadas se iniciar\u00e1n a<\/p>\n","protected":false},"author":6,"featured_media":32187,"comment_status":"closed","ping_status":"closed","sticky":false,"template":"","format":"standard","meta":{"_jetpack_memberships_contains_paid_content":false,"footnotes":""},"categories":[9,1],"tags":[],"class_list":["post-32186","post","type-post","status-publish","format-standard","has-post-thumbnail","hentry","category-cultura","category-portada"],"jetpack_featured_media_url":"https:\/\/i0.wp.com\/cdnoticias.com\/wp-content\/uploads\/2021\/09\/Casa-Bicentenario-1024x683.jpg?fit=1024%2C683&ssl=1","jetpack_sharing_enabled":true,"_links":{"self":[{"href":"https:\/\/cdnoticias.com\/index.php\/wp-json\/wp\/v2\/posts\/32186","targetHints":{"allow":["GET"]}}],"collection":[{"href":"https:\/\/cdnoticias.com\/index.php\/wp-json\/wp\/v2\/posts"}],"about":[{"href":"https:\/\/cdnoticias.com\/index.php\/wp-json\/wp\/v2\/types\/post"}],"author":[{"embeddable":true,"href":"https:\/\/cdnoticias.com\/index.php\/wp-json\/wp\/v2\/users\/6"}],"replies":[{"embeddable":true,"href":"https:\/\/cdnoticias.com\/index.php\/wp-json\/wp\/v2\/comments?post=32186"}],"version-history":[{"count":0,"href":"https:\/\/cdnoticias.com\/index.php\/wp-json\/wp\/v2\/posts\/32186\/revisions"}],"wp:featuredmedia":[{"embeddable":true,"href":"https:\/\/cdnoticias.com\/index.php\/wp-json\/wp\/v2\/media\/32187"}],"wp:attachment":[{"href":"https:\/\/cdnoticias.com\/index.php\/wp-json\/wp\/v2\/media?parent=32186"}],"wp:term":[{"taxonomy":"category","embeddable":true,"href":"https:\/\/cdnoticias.com\/index.php\/wp-json\/wp\/v2\/categories?post=32186"},{"taxonomy":"post_tag","embeddable":true,"href":"https:\/\/cdnoticias.com\/index.php\/wp-json\/wp\/v2\/tags?post=32186"}],"curies":[{"name":"wp","href":"https:\/\/api.w.org\/{rel}","templated":true}]}}