{"id":32182,"date":"2021-09-08T17:06:58","date_gmt":"2021-09-08T20:06:58","guid":{"rendered":"http:\/\/www.centraldenoticias.com.ar\/?p=32182"},"modified":"2021-09-08T18:36:20","modified_gmt":"2021-09-08T21:36:20","slug":"la-estacion-meteorologica-local-cumple-34-anos-informando-y-cuidando-a-la-ciudad","status":"publish","type":"post","link":"https:\/\/cdnoticias.com\/index.php\/2021\/09\/08\/la-estacion-meteorologica-local-cumple-34-anos-informando-y-cuidando-a-la-ciudad\/","title":{"rendered":"La Estaci\u00f3n Meteorol\u00f3gica local cumple 34 a\u00f1os informando y cuidando a la ciudad"},"content":{"rendered":"<p>Emplazada en el aeropuerto local y surgida precisamente como una estaci\u00f3n aeron\u00e1utica, brinda informaci\u00f3n precisa a toda la comunidad todos los d\u00edas del a\u00f1o.<!--more--><\/p>\n<hr \/>\n<p>Un d\u00eda como hoy pero del a\u00f1o 1987 comenz\u00f3 de manera oficial la historia de la Estaci\u00f3n Meteorol\u00f3gica de Olavarr\u00eda, ubicada en el predio del aer\u00f3dromo local, situaci\u00f3n clave para entender su origen y funcionamiento. <strong>\u201cPor estar ubicada dentro del Aer\u00f3dromo Olavarria es una estaci\u00f3n aeron\u00e1utica\u201d<\/strong>, expres\u00f3 Dami\u00e1n Arouxet, quien le toc\u00f3 estar de turno en la lluviosa jornada del aniversario.<\/p>\n<p>&nbsp;<\/p>\n<p>Se trata de Dami\u00e1n Arouxet, quien desde hace ya 11 a\u00f1os forma parte del <strong>equipo de trabajo de la Estaci\u00f3n, el cual actualmente est\u00e1 integrado por 5 observadores meteorol\u00f3gicos de superficie. Se trata de Alicia Pucciarelli, responsable del lugar, y Mario Marambio, Marisa Lazcano y Victoria Criado.<\/strong><\/p>\n<p>&nbsp;<\/p>\n<p><iframe loading=\"lazy\" style=\"border: none; overflow: hidden;\" src=\"https:\/\/www.facebook.com\/plugins\/post.php?href=https%3A%2F%2Fwww.facebook.com%2Festacionmeteorologica.olavarria%2Fposts%2F2921318914785715&amp;show_text=true&amp;width=500\" width=\"500\" height=\"666\" frameborder=\"0\" scrolling=\"no\" allowfullscreen=\"allowfullscreen\"><\/iframe><\/p>\n<p>&nbsp;<\/p>\n<p><strong>\u201cEsto significa que es de protecci\u00f3n de vuelo\u201d<\/strong>, agreg\u00f3 Dami\u00e1n retomando la explicaci\u00f3n del inicio con respecto al lugar donde est\u00e1 emplazada la Estaci\u00f3n. Eso se traduce en el env\u00edo de informaci\u00f3n tanto al personal de torre como a los ocasionales pilotos que atraviesen el cielo local. Obviamente, y quiz\u00e1s en su rol m\u00e1s conocido para la comunidad local, tambi\u00e9n llevan adelante la recolecci\u00f3n de datos que luego son emitidos tanto por los medios de comunicaci\u00f3n como por el Servicio Meteorol\u00f3gico Nacional, al que deben elevarle un informe por hora.<\/p>\n<p>&nbsp;<\/p>\n<p><strong>Term\u00f3metros, pluvi\u00f3metros, bar\u00f3metros, bar\u00f3grafos y dem\u00e1s instrumentos son parte de una rutina que se repite todos los d\u00edas del a\u00f1o.<\/strong> Desde las 5 de la madrugada y hasta alrededor de las 21 forman parte de la recolecci\u00f3n de datos que se inicia \u201cmenos cuarto\u201d, para tener la data actualizada para el informe de cada hora. Lo que hay que tener en cuenta es que muchas veces su d\u00eda no termina all\u00ed, ya que luego quedan \u201ca requerimiento\u201d en caso de darse el arribo ya sea de vuelos oficiales como sanitarios, \u201cpara hacer el apoyo meteorol\u00f3gico ya sea al piloto o el personal de la torre\u201d, explic\u00f3.<\/p>\n<p>&nbsp;<\/p>\n<p><img data-recalc-dims=\"1\" loading=\"lazy\" decoding=\"async\" class=\"alignnone size-full wp-image-20635\" src=\"https:\/\/i0.wp.com\/cdnoticias.com\/wp-content\/uploads\/2021\/05\/Estacion-Meteorol%C3%B3gica02.jpg?resize=800%2C445&#038;ssl=1\" alt=\"\" width=\"800\" height=\"445\" srcset=\"https:\/\/i0.wp.com\/cdnoticias.com\/wp-content\/uploads\/2021\/05\/Estacion-Meteorol%C3%B3gica02.jpg?w=800&amp;ssl=1 800w, https:\/\/i0.wp.com\/cdnoticias.com\/wp-content\/uploads\/2021\/05\/Estacion-Meteorol%C3%B3gica02.jpg?resize=300%2C167&amp;ssl=1 300w, https:\/\/i0.wp.com\/cdnoticias.com\/wp-content\/uploads\/2021\/05\/Estacion-Meteorol%C3%B3gica02.jpg?resize=768%2C427&amp;ssl=1 768w\" sizes=\"auto, (max-width: 800px) 100vw, 800px\" \/><\/p>\n<p>&nbsp;<\/p>\n<p><strong>\u201cNo realizamos pron\u00f3sticos, solo las observaciones\u201d<\/strong>, a\u00f1adi\u00f3 segundos despu\u00e9s. Lamentablemente, y a consecuencia de la pandemia, el lugar se encuentra temporalmente cerrado a visitas, pero a trav\u00e9s de sus redes sociales se puede recorrerlo virtualmente.<\/p>\n<p>&nbsp;<\/p>\n<p>Desde <em><strong>Central de Noticias<\/strong><\/em>, enviamos un saludo y reconocimiento, y tambi\u00e9n un agradecimiento por la informaci\u00f3n y predisposici\u00f3n diaria.<\/p>\n","protected":false},"excerpt":{"rendered":"<p>Emplazada en el aeropuerto local y surgida precisamente como una estaci\u00f3n aeron\u00e1utica, brinda informaci\u00f3n precisa a toda la comunidad todos<\/p>\n","protected":false},"author":3,"featured_media":20636,"comment_status":"closed","ping_status":"closed","sticky":false,"template":"","format":"standard","meta":{"_jetpack_memberships_contains_paid_content":false,"footnotes":""},"categories":[5,1],"tags":[],"class_list":["post-32182","post","type-post","status-publish","format-standard","has-post-thumbnail","hentry","category-informacion-general","category-portada"],"jetpack_featured_media_url":"https:\/\/i0.wp.com\/cdnoticias.com\/wp-content\/uploads\/2021\/05\/Estacion-Meteorol%C3%B3gica.jpg?fit=1280%2C720&ssl=1","jetpack_sharing_enabled":true,"_links":{"self":[{"href":"https:\/\/cdnoticias.com\/index.php\/wp-json\/wp\/v2\/posts\/32182","targetHints":{"allow":["GET"]}}],"collection":[{"href":"https:\/\/cdnoticias.com\/index.php\/wp-json\/wp\/v2\/posts"}],"about":[{"href":"https:\/\/cdnoticias.com\/index.php\/wp-json\/wp\/v2\/types\/post"}],"author":[{"embeddable":true,"href":"https:\/\/cdnoticias.com\/index.php\/wp-json\/wp\/v2\/users\/3"}],"replies":[{"embeddable":true,"href":"https:\/\/cdnoticias.com\/index.php\/wp-json\/wp\/v2\/comments?post=32182"}],"version-history":[{"count":0,"href":"https:\/\/cdnoticias.com\/index.php\/wp-json\/wp\/v2\/posts\/32182\/revisions"}],"wp:featuredmedia":[{"embeddable":true,"href":"https:\/\/cdnoticias.com\/index.php\/wp-json\/wp\/v2\/media\/20636"}],"wp:attachment":[{"href":"https:\/\/cdnoticias.com\/index.php\/wp-json\/wp\/v2\/media?parent=32182"}],"wp:term":[{"taxonomy":"category","embeddable":true,"href":"https:\/\/cdnoticias.com\/index.php\/wp-json\/wp\/v2\/categories?post=32182"},{"taxonomy":"post_tag","embeddable":true,"href":"https:\/\/cdnoticias.com\/index.php\/wp-json\/wp\/v2\/tags?post=32182"}],"curies":[{"name":"wp","href":"https:\/\/api.w.org\/{rel}","templated":true}]}}