{"id":32178,"date":"2021-09-08T18:20:57","date_gmt":"2021-09-08T21:20:57","guid":{"rendered":"http:\/\/www.centraldenoticias.com.ar\/?p=32178"},"modified":"2021-09-08T20:22:33","modified_gmt":"2021-09-08T23:22:33","slug":"convocatoria-para-el-programa-termina-la-secundaria","status":"publish","type":"post","link":"https:\/\/cdnoticias.com\/index.php\/2021\/09\/08\/convocatoria-para-el-programa-termina-la-secundaria\/","title":{"rendered":"Convocatoria para el Programa \u201cTermin\u00e1 la Secundaria\u201d"},"content":{"rendered":"<p>La convocatoria se encuentra abierta hasta el 24 de septiembre.<\/p>\n<p><!--more--><\/p>\n<hr \/>\n<p>&nbsp;<\/p>\n<p>As\u00ed se inform\u00f3 desde la <strong>Subsecretar\u00eda de Cultura y Educaci\u00f3n de la Municipalidad<\/strong>. Se encuentra<strong> abierta la convocatoria para el Programa \u201cTermin\u00e1 la Secundaria\u201d, <\/strong>hasta el d\u00eda<strong> 24 de septiembre<\/strong>. <strong>No requiere obligaci\u00f3n de asistir a clases<\/strong>, podes seguir tu <strong>propio ritmo<\/strong> y en todo momento contar con el <strong>apoyo de docentes<\/strong> y facilitadores para avanzar en tus estudios.<\/p>\n<p>&nbsp;<\/p>\n<p>La propuesta que se desarrolla de <strong>manera virtual<\/strong> permite <strong>realizar el secundario completo o rendir solamente las materias adeudadas<\/strong>, seg\u00fan las <strong>equivalencias<\/strong>. \u201cTermin\u00e1 la Secundaria\u201d es una <strong>iniciativa del Gobierno de la Ciudad de Buenos Aires<\/strong>, que brinda la posibilidad de <strong>retomar los estudios secundarios<\/strong> y obtener el <strong>t\u00edtulo de bachiller con orientaci\u00f3n en Ciencias Sociales<\/strong>, con<strong> validez nacional<\/strong>. Se puede cursar desde <strong>cualquier lugar del pa\u00eds.<\/strong><\/p>\n<p>&nbsp;<\/p>\n<p>Por otra parte, se puede realizar <strong>el secundario completo o rendir solamente las materias adeudadas<\/strong>, de acuerdo a las equivalencias con el plan de estudios. Para hacer el secundario completo, hay que <strong>cursar 28 materias en total<\/strong> y se estima un <strong>m\u00ednimo de 2 a\u00f1os y medio<\/strong> para completar el mismo. <strong>La duraci\u00f3n puede ser menor en funci\u00f3n de las materias adeudadas.<\/strong><\/p>\n<p>&nbsp;<\/p>\n<p>Los estudiantes podr\u00e1n <strong>acceder al contenido de las materias a trav\u00e9s del aula virtual<\/strong> o por medio de las <strong>gu\u00edas de Estudio<\/strong>. El material de estudio propone actividades, presenta los temas y orienta la lectura de textos seleccionados para completar el desarrollo de los temas del programa de cada materia. <strong>Cada materia ofrece talleres y espacios de consultor\u00eda.<\/strong><\/p>\n<p>&nbsp;<\/p>\n<p>Al momento de la <strong>inscripci\u00f3n<\/strong> se le indica a los alumnos cu\u00e1les son los <strong>materiales de estudio<\/strong>, propuestas de trabajo con los docentes y <strong>cronograma de actividades<\/strong>. Entre los requisitos <strong>se solicita ser mayor de 18 a\u00f1os (no hay l\u00edmite m\u00e1ximo de edad para realizarlo) y tener la primaria completa.<\/strong><\/p>\n<p>&nbsp;<\/p>\n<p><strong>Consultas e inscripciones<\/strong><\/p>\n<p>Por consultas y preinscripci\u00f3n, comunicarse con la <strong>Direcci\u00f3n de Educaci\u00f3n<\/strong> a trav\u00e9s del correo electr\u00f3nico\u00a0<a href=\"mailto:direducacion@olavarria.gov.ar\">direducacion@olavarria.gov.ar<\/a>\u00a0o por tel\u00e9fono al <strong>426043<\/strong>, de <strong>lunes a viernes<\/strong>, de <strong>08:00 a 13:00.<\/strong><\/p>\n<div class=\"at-below-post addthis_tool\" data-url=\"https:\/\/www.olavarria.gov.ar\/termina-la-secundaria\/\" data-title=\"Termin\u00e1 la Secundaria | Municipalidad del Partido de Olavarr\u00eda\">\n<div id=\"atstbx\" class=\"at-share-tbx-element addthis-smartlayers addthis-animated at4-show\" role=\"region\" aria-labelledby=\"at-ce649e0b-c740-484e-9f64-820873ff912d\">\n<p>&nbsp;<\/p>\n<div class=\"at-share-btn-elements\"><\/div>\n<\/div>\n<\/div>\n","protected":false},"excerpt":{"rendered":"<p>La convocatoria se encuentra abierta hasta el 24 de septiembre.<\/p>\n","protected":false},"author":6,"featured_media":32179,"comment_status":"closed","ping_status":"closed","sticky":false,"template":"","format":"standard","meta":{"_jetpack_memberships_contains_paid_content":false,"footnotes":""},"categories":[5],"tags":[],"class_list":["post-32178","post","type-post","status-publish","format-standard","has-post-thumbnail","hentry","category-informacion-general"],"jetpack_featured_media_url":"https:\/\/i0.wp.com\/cdnoticias.com\/wp-content\/uploads\/2021\/09\/Casa-de-la-Cultura-1-1024x576.jpeg?fit=1024%2C576&ssl=1","jetpack_sharing_enabled":true,"_links":{"self":[{"href":"https:\/\/cdnoticias.com\/index.php\/wp-json\/wp\/v2\/posts\/32178","targetHints":{"allow":["GET"]}}],"collection":[{"href":"https:\/\/cdnoticias.com\/index.php\/wp-json\/wp\/v2\/posts"}],"about":[{"href":"https:\/\/cdnoticias.com\/index.php\/wp-json\/wp\/v2\/types\/post"}],"author":[{"embeddable":true,"href":"https:\/\/cdnoticias.com\/index.php\/wp-json\/wp\/v2\/users\/6"}],"replies":[{"embeddable":true,"href":"https:\/\/cdnoticias.com\/index.php\/wp-json\/wp\/v2\/comments?post=32178"}],"version-history":[{"count":0,"href":"https:\/\/cdnoticias.com\/index.php\/wp-json\/wp\/v2\/posts\/32178\/revisions"}],"wp:featuredmedia":[{"embeddable":true,"href":"https:\/\/cdnoticias.com\/index.php\/wp-json\/wp\/v2\/media\/32179"}],"wp:attachment":[{"href":"https:\/\/cdnoticias.com\/index.php\/wp-json\/wp\/v2\/media?parent=32178"}],"wp:term":[{"taxonomy":"category","embeddable":true,"href":"https:\/\/cdnoticias.com\/index.php\/wp-json\/wp\/v2\/categories?post=32178"},{"taxonomy":"post_tag","embeddable":true,"href":"https:\/\/cdnoticias.com\/index.php\/wp-json\/wp\/v2\/tags?post=32178"}],"curies":[{"name":"wp","href":"https:\/\/api.w.org\/{rel}","templated":true}]}}