{"id":32167,"date":"2021-09-08T17:02:26","date_gmt":"2021-09-08T20:02:26","guid":{"rendered":"http:\/\/www.centraldenoticias.com.ar\/?p=32167"},"modified":"2021-09-08T17:02:26","modified_gmt":"2021-09-08T20:02:26","slug":"afirman-que-la-posibilidad-de-una-tercera-ola-cada-vez-se-aleja-mas","status":"publish","type":"post","link":"https:\/\/cdnoticias.com\/index.php\/2021\/09\/08\/afirman-que-la-posibilidad-de-una-tercera-ola-cada-vez-se-aleja-mas\/","title":{"rendered":"Afirman que la posibilidad de una tercera ola \u201ccada vez se aleja m\u00e1s\u201d"},"content":{"rendered":"<p>As\u00ed lo asegur\u00f3 el director de Hospitales bonaerenses, Juan Riera. El ministro de Salud, Nicol\u00e1s Kreplak, sostuvo que \u201cpodr\u00eda no haber\u201d otro pico de contagios de coronavirus.<!--more--><\/p>\n<hr \/>\n<p>El director de Hospitales de la provincia de Buenos Aires, Juan Riera, <strong>sostuvo este mi\u00e9rcoles que una tercera ola de coronavirus <em>\u201ces un escenario que cada vez se aleja m\u00e1s\u201d<\/em> en territorio bonaerense.<\/strong>\u00a0Durante el martes, se hab\u00eda mostrado en la misma sinton\u00eda el ministro de Salud, Nicol\u00e1s Kreplak, al indicar que <em>\u201cpodr\u00eda no haber\u201d<\/em> otro pico de contagios.<\/p>\n<p>&nbsp;<\/p>\n<p>Riera habl\u00f3 de una \u201cperspectiva\u201d con <em>\u201cuna poblaci\u00f3n mucho m\u00e1s protegida, con mucho menos riesgo de hacer cuadros graves y un sistema de salud mucho m\u00e1s descomprimido, pudiendo dar respuesta a otras eventualidades sanitarias\u201d<\/em>. En este sentido,<strong> sostuvo que <em>\u201ces un escenario que cada vez se aleja m\u00e1s\u201d<\/em> el de una tercera ola.<\/strong><\/p>\n<p>&nbsp;<\/p>\n<p>El funcionario bonaerense, en di\u00e1logo con Radio T\u00e9lam, indic\u00f3 que es poco probable que se llegue a una situaci\u00f3n similar a la de la segunda ola en la que la<em> \u201cdemanda de camas de cuidados intensivos era muy alta\u201d<\/em>. <em>\u201cNo nos olvidemos que en el contexto de pandemia, no solamente el da\u00f1o lo produce el coronavirus sino si el sistema se satura, el da\u00f1o se puede producir por las otras patolog\u00edas no atendidas\u201d<\/em>, record\u00f3.<\/p>\n<p>&nbsp;<\/p>\n<p>Riera explic\u00f3 que la provincia de Buenos Aires llev<em>a <strong>\u201cquince semanas consecutivas de descenso de casos de coronavirus\u201d<\/strong>, que \u201cesta baja en el n\u00famero de casos se refleja en la ocupaci\u00f3n de camas de cuidados intensivos\u201d<\/em> y que <em>\u201cen m\u00e1s de quince hospitales provinciales ya no tenemos internaciones en esta \u00e1rea de pacientes Covid\u201d.<\/em><\/p>\n<p>&nbsp;<\/p>\n<p>Asimismo, advirti\u00f3 que son<em> \u201cm\u00e1s de 50 municipios\u201d<\/em> donde no se <em>\u201cregistran fallecimientos de pacientes infectados\u201d<\/em> y que la ocupaci\u00f3n de camas de terapia intensiva se encuentra<em> \u201cen uno de los niveles m\u00e1s bajos desde que empez\u00f3 la segunda ola\u201d<\/em> con<em> \u201cun promedio de 51%\u201d.<\/em><\/p>\n<p>&nbsp;<\/p>\n<p>El funcionario relacion\u00f3 las mejoras a la <em>\u201cfuerte pol\u00edtica de vacunaci\u00f3n que llev\u00f3 adelante la provincia donde ya hay un importante n\u00famero de bonaerenses que se encuentran vacunados con al menos una dosis\u201d<\/em>.<em> \u201cEso lo que permite es que llegado el caso que la persona entre en contacto con el virus tiene much\u00edsima menos posibilidades de hacer un cuadro grave y eventualmente fallecer\u201d<\/em>, asegur\u00f3.<\/p>\n<p>&nbsp;<\/p>\n<p>Ayer, Kreplak sostuvo que<em> \u201cpodr\u00eda no haber una tercera ola\u201d<\/em> y relacion\u00f3 las mejoras epidemiol\u00f3gicas<em> \u201cal gran triunfo de la campa\u00f1a de vacunaci\u00f3n\u201d<\/em>. <strong><em>\u201cLa estrategia sanitaria fue muy buena, claramente exitosa, lo muestran los n\u00fameros. Llegamos a la segunda ola con todo el sistema de salud vacunado y todos los adultos mayores tambi\u00e9n\u201d,<\/em><\/strong> agreg\u00f3.<\/p>\n<p>&nbsp;<\/p>\n<p>Fuente: (DIB) MT<\/p>\n","protected":false},"excerpt":{"rendered":"<p>As\u00ed lo asegur\u00f3 el director de Hospitales bonaerenses, Juan Riera. El ministro de Salud, Nicol\u00e1s Kreplak, sostuvo que \u201cpodr\u00eda no<\/p>\n","protected":false},"author":5,"featured_media":32168,"comment_status":"closed","ping_status":"closed","sticky":false,"template":"","format":"standard","meta":{"_jetpack_memberships_contains_paid_content":false,"footnotes":""},"categories":[6,1],"tags":[],"class_list":["post-32167","post","type-post","status-publish","format-standard","has-post-thumbnail","hentry","category-nacionales","category-portada"],"jetpack_featured_media_url":"https:\/\/i0.wp.com\/cdnoticias.com\/wp-content\/uploads\/2021\/09\/vacuna-libertad-scaled-1-1068x711.jpg?fit=1068%2C711&ssl=1","jetpack_sharing_enabled":true,"_links":{"self":[{"href":"https:\/\/cdnoticias.com\/index.php\/wp-json\/wp\/v2\/posts\/32167","targetHints":{"allow":["GET"]}}],"collection":[{"href":"https:\/\/cdnoticias.com\/index.php\/wp-json\/wp\/v2\/posts"}],"about":[{"href":"https:\/\/cdnoticias.com\/index.php\/wp-json\/wp\/v2\/types\/post"}],"author":[{"embeddable":true,"href":"https:\/\/cdnoticias.com\/index.php\/wp-json\/wp\/v2\/users\/5"}],"replies":[{"embeddable":true,"href":"https:\/\/cdnoticias.com\/index.php\/wp-json\/wp\/v2\/comments?post=32167"}],"version-history":[{"count":0,"href":"https:\/\/cdnoticias.com\/index.php\/wp-json\/wp\/v2\/posts\/32167\/revisions"}],"wp:featuredmedia":[{"embeddable":true,"href":"https:\/\/cdnoticias.com\/index.php\/wp-json\/wp\/v2\/media\/32168"}],"wp:attachment":[{"href":"https:\/\/cdnoticias.com\/index.php\/wp-json\/wp\/v2\/media?parent=32167"}],"wp:term":[{"taxonomy":"category","embeddable":true,"href":"https:\/\/cdnoticias.com\/index.php\/wp-json\/wp\/v2\/categories?post=32167"},{"taxonomy":"post_tag","embeddable":true,"href":"https:\/\/cdnoticias.com\/index.php\/wp-json\/wp\/v2\/tags?post=32167"}],"curies":[{"name":"wp","href":"https:\/\/api.w.org\/{rel}","templated":true}]}}