{"id":32164,"date":"2021-09-08T15:08:02","date_gmt":"2021-09-08T18:08:02","guid":{"rendered":"http:\/\/www.centraldenoticias.com.ar\/?p=32164"},"modified":"2021-09-08T15:08:02","modified_gmt":"2021-09-08T18:08:02","slug":"rodolfo-barbato-lito-q-e-p-d","status":"publish","type":"post","link":"https:\/\/cdnoticias.com\/index.php\/2021\/09\/08\/rodolfo-barbato-lito-q-e-p-d\/","title":{"rendered":"Rodolfo Barbato \u201cLito\u201d (Q.E.P.D.)"},"content":{"rendered":"<p>Falleci\u00f3 en Olavarr\u00eda el 8 de septiembre a los 88 a\u00f1os de edad. Su esposa Delia Gladys Gerbino; sus hijos Maria Delia, Eduardo y Paola Barbato; sus hijos pol\u00edticos Carlos, Teresa y Gerardo.; sus nietos Florencia, Sim\u00f3n, Fredy, Victoria, Bruno y Agust\u00edn. Sus nietos pol\u00edticos Pablo y Milena; sus bisnietos Emilia y Lorenzo. Sus sobrinos y dem\u00e1s deudos participan su fallecimiento.<\/p>\n<p>&nbsp;<\/p>\n<p>Sus restos ser\u00e1n velados en sala de Espa\u00f1a 2942 departamento \u201cD\u201d (la sala se habilita el jueves 9 a las 12:30) y ser\u00e1n inhumados en el cementerio Loma de Paz a las 14:30, previo responso en la Capilla Ardiente. Vecino de Zona Rural. Nacido en Olavarr\u00eda. Jubilado Ganadero y Tambero.<\/p>\n","protected":false},"excerpt":{"rendered":"<p>Falleci\u00f3 en Olavarr\u00eda el 8 de septiembre a los 88 a\u00f1os de edad. Su esposa Delia Gladys Gerbino; sus hijos<\/p>\n","protected":false},"author":5,"featured_media":0,"comment_status":"closed","ping_status":"closed","sticky":false,"template":"","format":"standard","meta":{"_jetpack_memberships_contains_paid_content":false,"footnotes":""},"categories":[10],"tags":[],"class_list":["post-32164","post","type-post","status-publish","format-standard","hentry","category-necrologicas"],"jetpack_featured_media_url":"","jetpack_sharing_enabled":true,"_links":{"self":[{"href":"https:\/\/cdnoticias.com\/index.php\/wp-json\/wp\/v2\/posts\/32164","targetHints":{"allow":["GET"]}}],"collection":[{"href":"https:\/\/cdnoticias.com\/index.php\/wp-json\/wp\/v2\/posts"}],"about":[{"href":"https:\/\/cdnoticias.com\/index.php\/wp-json\/wp\/v2\/types\/post"}],"author":[{"embeddable":true,"href":"https:\/\/cdnoticias.com\/index.php\/wp-json\/wp\/v2\/users\/5"}],"replies":[{"embeddable":true,"href":"https:\/\/cdnoticias.com\/index.php\/wp-json\/wp\/v2\/comments?post=32164"}],"version-history":[{"count":0,"href":"https:\/\/cdnoticias.com\/index.php\/wp-json\/wp\/v2\/posts\/32164\/revisions"}],"wp:attachment":[{"href":"https:\/\/cdnoticias.com\/index.php\/wp-json\/wp\/v2\/media?parent=32164"}],"wp:term":[{"taxonomy":"category","embeddable":true,"href":"https:\/\/cdnoticias.com\/index.php\/wp-json\/wp\/v2\/categories?post=32164"},{"taxonomy":"post_tag","embeddable":true,"href":"https:\/\/cdnoticias.com\/index.php\/wp-json\/wp\/v2\/tags?post=32164"}],"curies":[{"name":"wp","href":"https:\/\/api.w.org\/{rel}","templated":true}]}}