{"id":32135,"date":"2021-09-08T11:33:56","date_gmt":"2021-09-08T14:33:56","guid":{"rendered":"http:\/\/www.centraldenoticias.com.ar\/?p=32135"},"modified":"2021-09-08T11:33:56","modified_gmt":"2021-09-08T14:33:56","slug":"belen-vergel-pidio-por-rapida-reglamentacion-y-puesta-en-funcionamiento-del-ocose","status":"publish","type":"post","link":"https:\/\/cdnoticias.com\/index.php\/2021\/09\/08\/belen-vergel-pidio-por-rapida-reglamentacion-y-puesta-en-funcionamiento-del-ocose\/","title":{"rendered":"Bel\u00e9n Vergel pidi\u00f3 por \u201cr\u00e1pida reglamentaci\u00f3n y puesta en funcionamiento del OCOSE\u201d"},"content":{"rendered":"<p>La precandidata local de Dar el Paso se refiri\u00f3 a la ordenanza aprobada en la \u00faltima sesi\u00f3n del HCD. Se refiri\u00f3 a la \u201calta cantidad de reclamos\u201d por la prestaci\u00f3n servicio de transporte urbano e interurbano de pasajeros.<!--more--><\/p>\n<hr \/>\n<p><strong>La precandidata a concejal de Dar el Paso y dirigente de la UCR local, Bel\u00e9n Vergel<\/strong>, se pronunci\u00f3 sobre la <a href=\"https:\/\/cdnoticias.com\/index.php\/2021\/08\/26\/sin-el-oficialismo-se-aprobo-la-creacion-de-un-organismo-de-control-de-servicios-publicos\/\" target=\"_blank\" rel=\"noopener\">ordenanza aprobada en la \u00faltima sesi\u00f3n del Concejo Deliberante<\/a> que cre\u00f3 el <strong>organismo de control de concesiones municipales (OCOSE).<\/strong><\/p>\n<p>&nbsp;<\/p>\n<p><strong>La votaci\u00f3n se dio por mayor\u00eda<\/strong>, ya que el bloque Juntos, que lidera el intendente Ezequiel Galli, no apoy\u00f3 la propuesta que hab\u00eda presentado en 2019 el concejal Mart\u00edn Lastape (UCR).<\/p>\n<p>&nbsp;<\/p>\n<p>\u201cLa<strong> alta cantidad de reclamos recibidos respecto al funcionamiento y las frecuencias del servicio de transporte urbano e interurbano<\/strong> pone en valor el proyecto aprobado en la \u00faltima sesi\u00f3n del Concejo Deliberante presentado por el radicalismo. \u00bfPor qu\u00e9 es tan necesario un ente que controle a las prestatarias de servicios p\u00fablicos?\u201d se indic\u00f3 desde la UCR.<\/p>\n<p>&nbsp;<\/p>\n<p><img data-recalc-dims=\"1\" loading=\"lazy\" decoding=\"async\" class=\"size-full wp-image-12279 aligncenter\" src=\"https:\/\/i0.wp.com\/cdnoticias.com\/wp-content\/uploads\/2021\/01\/ola-bus-transporte01.jpg?resize=800%2C444&#038;ssl=1\" alt=\"\" width=\"800\" height=\"444\" srcset=\"https:\/\/i0.wp.com\/cdnoticias.com\/wp-content\/uploads\/2021\/01\/ola-bus-transporte01.jpg?w=1000&amp;ssl=1 1000w, https:\/\/i0.wp.com\/cdnoticias.com\/wp-content\/uploads\/2021\/01\/ola-bus-transporte01.jpg?resize=300%2C167&amp;ssl=1 300w, https:\/\/i0.wp.com\/cdnoticias.com\/wp-content\/uploads\/2021\/01\/ola-bus-transporte01.jpg?resize=768%2C426&amp;ssl=1 768w, https:\/\/i0.wp.com\/cdnoticias.com\/wp-content\/uploads\/2021\/01\/ola-bus-transporte01.jpg?resize=800%2C445&amp;ssl=1 800w\" sizes=\"auto, (max-width: 800px) 100vw, 800px\" \/><\/p>\n<p>&nbsp;<\/p>\n<p>En ese sentido, se tuvo en cuenta que \u201cla vuelta a la presencialidad total en escuelas, ha generado importantes inconvenientes en el transporte de pasajeros tanto en la ciudad como en las localidades. En el momento que parece estar controlado el contagio de COVID-19 en nuestra ciudad, nos encontramos con una situaci\u00f3n que claramente no se tuvo en cuenta para <strong>evitar que se produjeran grandes amontonamientos de gente<\/strong> y por ende nuevos contagios\u201d.<\/p>\n<p>&nbsp;<\/p>\n<p>El OCOSE fue proyectado y formulado para poder <strong>controlar a todos los servicios p\u00fablicos de nuestra ciudad y a sus prestatarias.<\/strong> Se explic\u00f3 que se busca \u201cno s\u00f3lo saber si lo que cobran por brindar dicho servicio es justo, sino tambi\u00e9n para <em>realizar un seguimiento del servicio que brindan y garantizar la calidad del mismo<\/em>. Esta situaci\u00f3n generada en el transporte de pasajeros pone en valor la necesidad de contar con este organismo\u201d.<\/p>\n<p>&nbsp;<\/p>\n<blockquote><p>Seg\u00fan indic\u00f3 Bel\u00e9n Vergel \u201choy el usuario se encuentra con que no sabe d\u00f3nde dirigirse para plantear su queja, y en casi todos los casos terminan por no recibir una respuesta a su planteo\u201d.<\/p><\/blockquote>\n<p>&nbsp;<\/p>\n<p><img data-recalc-dims=\"1\" loading=\"lazy\" decoding=\"async\" class=\"size-large wp-image-1043 aligncenter\" src=\"https:\/\/i0.wp.com\/cdnoticias.com\/wp-content\/uploads\/2020\/09\/Presentaci%C3%B3n-TU-bus-2-1024x683.jpg?resize=800%2C534&#038;ssl=1\" alt=\"\" width=\"800\" height=\"534\" srcset=\"https:\/\/i0.wp.com\/cdnoticias.com\/wp-content\/uploads\/2020\/09\/Presentaci%C3%B3n-TU-bus-2.jpg?resize=1024%2C683&amp;ssl=1 1024w, https:\/\/i0.wp.com\/cdnoticias.com\/wp-content\/uploads\/2020\/09\/Presentaci%C3%B3n-TU-bus-2.jpg?resize=300%2C200&amp;ssl=1 300w, https:\/\/i0.wp.com\/cdnoticias.com\/wp-content\/uploads\/2020\/09\/Presentaci%C3%B3n-TU-bus-2.jpg?resize=768%2C512&amp;ssl=1 768w, https:\/\/i0.wp.com\/cdnoticias.com\/wp-content\/uploads\/2020\/09\/Presentaci%C3%B3n-TU-bus-2.jpg?resize=272%2C182&amp;ssl=1 272w, https:\/\/i0.wp.com\/cdnoticias.com\/wp-content\/uploads\/2020\/09\/Presentaci%C3%B3n-TU-bus-2.jpg?w=1600&amp;ssl=1 1600w, https:\/\/i0.wp.com\/cdnoticias.com\/wp-content\/uploads\/2020\/09\/Presentaci%C3%B3n-TU-bus-2.jpg?w=2400&amp;ssl=1 2400w\" sizes=\"auto, (max-width: 800px) 100vw, 800px\" \/><\/p>\n<p>&nbsp;<\/p>\n<p>La precandidata de la lista Dar el Paso sostuvo que \u201cpor lo general, <strong>lo hacen directamente con la empresa que brinda el servicio<\/strong>, quien como sabemos intentar\u00e1 proteger sus intereses. Para situaciones como estas el Organismo de Control de Servicios P\u00fablicos ser\u00eda el intermediario adonde deber\u00eda dirigirse el usuario a plantear su reclamo, y \u00e9ste organismo brindar la respuesta correspondiente. Es fundamental contar con esta dependencia, ac\u00e1 hablamos de un caso espec\u00edfico, pero puede replicarse con cada servicio tercerizado por parte del municipio\u201d.<\/p>\n<p>&nbsp;<\/p>\n<p>Deteni\u00e9ndose en el punto espec\u00edfico del transporte p\u00fablico, Bel\u00e9n Vergel indic\u00f3 que \u201c<strong>es necesaria una r\u00e1pida respuesta a la situaci\u00f3n del transporte de pasajeros de Olavarr\u00eda<\/strong>. Debemos saber si esto se debe a la necesidad de aumentar la frecuencia o la cantidad de colectivos en circulaci\u00f3n, muchos de nuestros vecinos dependen de este servicio para poder llegar a sus actividades diarias, sumado a que el clima no est\u00e1 acompa\u00f1ando por estos d\u00edas, se les hace imposible movilizarse por otra v\u00eda\u201c.<\/p>\n","protected":false},"excerpt":{"rendered":"<p>La precandidata local de Dar el Paso se refiri\u00f3 a la ordenanza aprobada en la \u00faltima sesi\u00f3n del HCD. Se<\/p>\n","protected":false},"author":4,"featured_media":32045,"comment_status":"closed","ping_status":"closed","sticky":false,"template":"","format":"standard","meta":{"_jetpack_memberships_contains_paid_content":false,"footnotes":""},"categories":[4,1],"tags":[],"class_list":["post-32135","post","type-post","status-publish","format-standard","has-post-thumbnail","hentry","category-politica","category-portada"],"jetpack_featured_media_url":"https:\/\/i0.wp.com\/cdnoticias.com\/wp-content\/uploads\/2021\/09\/Vergel4.jpg?fit=4608%2C2564&ssl=1","jetpack_sharing_enabled":true,"_links":{"self":[{"href":"https:\/\/cdnoticias.com\/index.php\/wp-json\/wp\/v2\/posts\/32135","targetHints":{"allow":["GET"]}}],"collection":[{"href":"https:\/\/cdnoticias.com\/index.php\/wp-json\/wp\/v2\/posts"}],"about":[{"href":"https:\/\/cdnoticias.com\/index.php\/wp-json\/wp\/v2\/types\/post"}],"author":[{"embeddable":true,"href":"https:\/\/cdnoticias.com\/index.php\/wp-json\/wp\/v2\/users\/4"}],"replies":[{"embeddable":true,"href":"https:\/\/cdnoticias.com\/index.php\/wp-json\/wp\/v2\/comments?post=32135"}],"version-history":[{"count":0,"href":"https:\/\/cdnoticias.com\/index.php\/wp-json\/wp\/v2\/posts\/32135\/revisions"}],"wp:featuredmedia":[{"embeddable":true,"href":"https:\/\/cdnoticias.com\/index.php\/wp-json\/wp\/v2\/media\/32045"}],"wp:attachment":[{"href":"https:\/\/cdnoticias.com\/index.php\/wp-json\/wp\/v2\/media?parent=32135"}],"wp:term":[{"taxonomy":"category","embeddable":true,"href":"https:\/\/cdnoticias.com\/index.php\/wp-json\/wp\/v2\/categories?post=32135"},{"taxonomy":"post_tag","embeddable":true,"href":"https:\/\/cdnoticias.com\/index.php\/wp-json\/wp\/v2\/tags?post=32135"}],"curies":[{"name":"wp","href":"https:\/\/api.w.org\/{rel}","templated":true}]}}