{"id":32106,"date":"2021-09-07T20:05:10","date_gmt":"2021-09-07T23:05:10","guid":{"rendered":"http:\/\/www.centraldenoticias.com.ar\/?p=32106"},"modified":"2021-09-07T20:05:10","modified_gmt":"2021-09-07T23:05:10","slug":"poloni-nosotros-pensamos-en-construir-a-futuro","status":"publish","type":"post","link":"https:\/\/cdnoticias.com\/index.php\/2021\/09\/07\/poloni-nosotros-pensamos-en-construir-a-futuro\/","title":{"rendered":"Poloni: \u201cNosotros pensamos en construir a futuro\u201d"},"content":{"rendered":"<p>Lo asegur\u00f3 el precandidato a diputado nacional en el marco de una visita a Olavarr\u00eda de cara a las PASO. Habl\u00f3 de la participaci\u00f3n de la juventud en la pol\u00edtica y de los objetivos para las pr\u00f3ximas elecciones.<!--more--><\/p>\n<hr \/>\n<p>Este martes estuvo en Olavarr\u00eda<strong> Esteban Poloni, precandidato a diputado nacional por la provincia de Buenos Aires del espacio Vamos con Vos<\/strong> <strong>y referente de la juventud del frente.<\/strong> Fue recibido por la primera precandidata a concejal Andrea Coronel, la primera precandidata a senadora provincial Marisel Cides e integrantes de la juventud del espacio.<\/p>\n<p>&nbsp;<\/p>\n<p>Poloni habl\u00f3 del <em>\u201ccansancio\u201d<\/em> de la gente porque \u201c<em>cambian las caras, cambian los partidos entre dos facciones, pero las pol\u00edticas no cambian\u201d.<\/em> En ese sentido, se\u00f1al\u00f3 que en la recorrido por las localidades de las distintas secciones electorales advirtieron <strong><em>\u201cuna representatividad muy importante de todos los sectores, incluidos los j\u00f3venes\u201d.<\/em><\/strong><\/p>\n<p>&nbsp;<\/p>\n<blockquote><p>Estamos plant\u00e1ndonos ac\u00e1 como otro camino de construcci\u00f3n a futuro, no se termina ni el 12 de septiembre ni el 14 de noviembre. Nosotros pensamos en construir a futuro.<\/p><\/blockquote>\n<p>&nbsp;<\/p>\n<p><em>\u201cEstamos hablando de listas completamente distintas a lo que estamos acostumbrados a ver\u201d<\/em>, asegur\u00f3 y <strong>llam\u00f3 a concurrir el pr\u00f3ximo domingo a las urnas<\/strong> en el marco de <em>\u201cuna elecci\u00f3n distinta\u201d.<\/em><\/p>\n<p>&nbsp;<\/p>\n<p><img data-recalc-dims=\"1\" loading=\"lazy\" decoding=\"async\" class=\"alignnone size-full wp-image-32099\" src=\"https:\/\/i0.wp.com\/cdnoticias.com\/wp-content\/uploads\/2021\/09\/cides-vamos-con-vos.jpg?resize=800%2C445&#038;ssl=1\" alt=\"\" width=\"800\" height=\"445\" srcset=\"https:\/\/i0.wp.com\/cdnoticias.com\/wp-content\/uploads\/2021\/09\/cides-vamos-con-vos.jpg?w=800&amp;ssl=1 800w, https:\/\/i0.wp.com\/cdnoticias.com\/wp-content\/uploads\/2021\/09\/cides-vamos-con-vos.jpg?resize=300%2C167&amp;ssl=1 300w, https:\/\/i0.wp.com\/cdnoticias.com\/wp-content\/uploads\/2021\/09\/cides-vamos-con-vos.jpg?resize=768%2C427&amp;ssl=1 768w\" sizes=\"auto, (max-width: 800px) 100vw, 800px\" \/><\/p>\n<p>&nbsp;<\/p>\n<p>Afirm\u00f3 que el Frente Vamos con Vos <strong><em>\u201ces la primera opci\u00f3n si queremos cambiar, es distinto al resto\u201d<\/em><\/strong> y destac\u00f3 la conformaci\u00f3n de las listas con <em>\u201cgente que viene de la gesti\u00f3n como Florencio Randazzo\u201d<\/em> y representantes del sector pyme, del sector industrial, de la juventud, entre otros.<\/p>\n<p>&nbsp;<\/p>\n<p><strong><em>\u201cLa gente est\u00e1 cansada que se discutan cosas que no tienen que ver con los problemas reales\u201d<\/em><\/strong>, indic\u00f3 y ejemplific\u00f3: \u201ctenemos un \u00edndice de desempleo alt\u00edsimo, las cargas tributarias para las empresas son mortales\u201d.<\/p>\n<p>&nbsp;<\/p>\n<p>Respecto a la participaci\u00f3n de los j\u00f3venes en pol\u00edtica, analiz\u00f3 que \u201c<strong><em>los j\u00f3venes siempre tuvieron protagonismo en la pol\u00edtica argentina, eso lo dice la historia\u201d,<\/em><\/strong> sin embargo indic\u00f3 que <strong>\u201chay muchos j\u00f3venes que se est\u00e1n yendo y otros que quieren ver otra Argentina\u201d.<\/strong><\/p>\n","protected":false},"excerpt":{"rendered":"<p>Lo asegur\u00f3 el precandidato a diputado nacional en el marco de una visita a Olavarr\u00eda de cara a las PASO.<\/p>\n","protected":false},"author":5,"featured_media":32102,"comment_status":"closed","ping_status":"closed","sticky":false,"template":"","format":"standard","meta":{"_jetpack_memberships_contains_paid_content":false,"footnotes":""},"categories":[4,1],"tags":[],"class_list":["post-32106","post","type-post","status-publish","format-standard","has-post-thumbnail","hentry","category-politica","category-portada"],"jetpack_featured_media_url":"https:\/\/i0.wp.com\/cdnoticias.com\/wp-content\/uploads\/2021\/09\/vamos-con-vos.jpg?fit=800%2C445&ssl=1","jetpack_sharing_enabled":true,"_links":{"self":[{"href":"https:\/\/cdnoticias.com\/index.php\/wp-json\/wp\/v2\/posts\/32106","targetHints":{"allow":["GET"]}}],"collection":[{"href":"https:\/\/cdnoticias.com\/index.php\/wp-json\/wp\/v2\/posts"}],"about":[{"href":"https:\/\/cdnoticias.com\/index.php\/wp-json\/wp\/v2\/types\/post"}],"author":[{"embeddable":true,"href":"https:\/\/cdnoticias.com\/index.php\/wp-json\/wp\/v2\/users\/5"}],"replies":[{"embeddable":true,"href":"https:\/\/cdnoticias.com\/index.php\/wp-json\/wp\/v2\/comments?post=32106"}],"version-history":[{"count":0,"href":"https:\/\/cdnoticias.com\/index.php\/wp-json\/wp\/v2\/posts\/32106\/revisions"}],"wp:featuredmedia":[{"embeddable":true,"href":"https:\/\/cdnoticias.com\/index.php\/wp-json\/wp\/v2\/media\/32102"}],"wp:attachment":[{"href":"https:\/\/cdnoticias.com\/index.php\/wp-json\/wp\/v2\/media?parent=32106"}],"wp:term":[{"taxonomy":"category","embeddable":true,"href":"https:\/\/cdnoticias.com\/index.php\/wp-json\/wp\/v2\/categories?post=32106"},{"taxonomy":"post_tag","embeddable":true,"href":"https:\/\/cdnoticias.com\/index.php\/wp-json\/wp\/v2\/tags?post=32106"}],"curies":[{"name":"wp","href":"https:\/\/api.w.org\/{rel}","templated":true}]}}