{"id":32083,"date":"2021-09-07T16:27:06","date_gmt":"2021-09-07T19:27:06","guid":{"rendered":"http:\/\/www.centraldenoticias.com.ar\/?p=32083"},"modified":"2021-09-07T19:13:30","modified_gmt":"2021-09-07T22:13:30","slug":"un-transportista-olavarriense-volco-sobre-la-ruta-226","status":"publish","type":"post","link":"https:\/\/cdnoticias.com\/index.php\/2021\/09\/07\/un-transportista-olavarriense-volco-sobre-la-ruta-226\/","title":{"rendered":"Un transportista olavarriense volc\u00f3 sobre la Ruta 226"},"content":{"rendered":"<p>Ocurri\u00f3 este martes en horas del mediod\u00eda a la altura del partido de Bol\u00edvar. Afortunadamente result\u00f3 ileso.<!--more--><\/p>\n<hr \/>\n<p>En la jornada de este martes un violento siniestro vial tuvo como escenario la Ruta Nacional 226, donde <strong>en condiciones que son a\u00fan materia de estudio un transportista olavarriense perdi\u00f3 el control de su cami\u00f3n y culmin\u00f3 volcado sobre una de las banquinas.<\/strong><\/p>\n<p>&nbsp;<\/p>\n<p><strong>Todo sucedi\u00f3 a la altura del kil\u00f3metro 383, en el carril con direcci\u00f3n hacia nuestra ciudad pero a pocos kil\u00f3metros de la ciudad de Bol\u00edvar<\/strong>. Seg\u00fan cr\u00f3nicas period\u00edsticas de la vecina ciudad las malas condiciones clim\u00e1ticas y el mal estado del camino habr\u00edan tenido su parte un importante rol en los hechos.<\/p>\n<p>&nbsp;<\/p>\n<blockquote class=\"instagram-media\" style=\"background: #FFF; border: 0; border-radius: 3px; box-shadow: 0 0 1px 0 rgba(0,0,0,0.5),0 1px 10px 0 rgba(0,0,0,0.15); margin: 1px; max-width: 540px; min-width: 326px; padding: 0; width: calc(100% - 2px);\" data-instgrm-captioned=\"\" data-instgrm-permalink=\"https:\/\/www.instagram.com\/p\/CThoj00gKDN\/?utm_source=ig_embed&amp;utm_campaign=loading\" data-instgrm-version=\"13\">\n<div style=\"padding: 16px;\">\n<p>&nbsp;<\/p>\n<div style=\"display: flex; flex-direction: row; align-items: center;\">\n<div style=\"background-color: #f4f4f4; border-radius: 50%; flex-grow: 0; height: 40px; margin-right: 14px; width: 40px;\"><\/div>\n<div style=\"display: flex; flex-direction: column; flex-grow: 1; justify-content: center;\">\n<div style=\"background-color: #f4f4f4; border-radius: 4px; flex-grow: 0; height: 14px; margin-bottom: 6px; width: 100px;\"><\/div>\n<div style=\"background-color: #f4f4f4; border-radius: 4px; flex-grow: 0; height: 14px; width: 60px;\"><\/div>\n<\/div>\n<\/div>\n<div style=\"padding: 19% 0;\"><\/div>\n<div style=\"display: block; height: 50px; margin: 0 auto 12px; width: 50px;\"><\/div>\n<div style=\"padding-top: 8px;\">\n<div style=\"color: #3897f0; font-family: Arial,sans-serif; font-size: 14px; font-style: normal; font-weight: 550; line-height: 18px;\">Ver esta publicaci\u00f3n en Instagram<\/div>\n<\/div>\n<div style=\"padding: 12.5% 0;\"><\/div>\n<div style=\"display: flex; flex-direction: row; margin-bottom: 14px; align-items: center;\">\n<div>\n<div style=\"background-color: #f4f4f4; border-radius: 50%; height: 12.5px; width: 12.5px; transform: translateX(0px) translateY(7px);\"><\/div>\n<div style=\"background-color: #f4f4f4; height: 12.5px; transform: rotate(-45deg) translateX(3px) translateY(1px); width: 12.5px; flex-grow: 0; margin-right: 14px; margin-left: 2px;\"><\/div>\n<div style=\"background-color: #f4f4f4; border-radius: 50%; height: 12.5px; width: 12.5px; transform: translateX(9px) translateY(-18px);\"><\/div>\n<\/div>\n<div style=\"margin-left: 8px;\">\n<div style=\"background-color: #f4f4f4; border-radius: 50%; flex-grow: 0; height: 20px; width: 20px;\"><\/div>\n<div style=\"width: 0; height: 0; border-top: 2px solid transparent; border-left: 6px solid #f4f4f4; border-bottom: 2px solid transparent; transform: translateX(16px) translateY(-4px) rotate(30deg);\"><\/div>\n<\/div>\n<div style=\"margin-left: auto;\">\n<div style=\"width: 0px; border-top: 8px solid #F4F4F4; border-right: 8px solid transparent; transform: translateY(16px);\"><\/div>\n<div style=\"background-color: #f4f4f4; flex-grow: 0; height: 12px; width: 16px; transform: translateY(-4px);\"><\/div>\n<div style=\"width: 0; height: 0; border-top: 8px solid #F4F4F4; border-left: 8px solid transparent; transform: translateY(-4px) translateX(8px);\"><\/div>\n<\/div>\n<\/div>\n<div style=\"display: flex; flex-direction: column; flex-grow: 1; justify-content: center; margin-bottom: 24px;\">\n<div style=\"background-color: #f4f4f4; border-radius: 4px; flex-grow: 0; height: 14px; margin-bottom: 6px; width: 224px;\"><\/div>\n<div style=\"background-color: #f4f4f4; border-radius: 4px; flex-grow: 0; height: 14px; width: 144px;\"><\/div>\n<\/div>\n<p>&nbsp;<\/p>\n<p style=\"color: #c9c8cd; font-family: Arial,sans-serif; font-size: 14px; line-height: 17px; margin-bottom: 0; margin-top: 8px; overflow: hidden; padding: 8px 0 7px; text-align: center; text-overflow: ellipsis; white-space: nowrap;\"><a style=\"color: #c9c8cd; font-family: Arial,sans-serif; font-size: 14px; font-style: normal; font-weight: normal; line-height: 17px; text-decoration: none;\" href=\"https:\/\/www.instagram.com\/p\/CThoj00gKDN\/?utm_source=ig_embed&amp;utm_campaign=loading\" target=\"_blank\" rel=\"noopener\">Una publicaci\u00f3n compartida de Diario La Ma\u00f1ana (@lamananabolivar)<\/a><\/p>\n<\/div>\n<\/blockquote>\n<p><script async src=\"\/\/www.instagram.com\/embed.js\"><\/script><\/p>\n<p>&nbsp;<\/p>\n<p>Lo concreto es que todo se vio protagonizado por un cami\u00f3n Mercedes Benz guiado por el <strong>olavarriense Oscar Chantir, quien \u00e9l mismo le habr\u00eda revelado a cronistas que todo se habr\u00eda dado por un desperfecto sobre la calzada, lo que le hizo perder el control del rodado.<\/strong><\/p>\n<p>&nbsp;<\/p>\n<p>El cami\u00f3n culmin\u00f3 completamente volcado sobre uno de los laterales del camino, pero <strong>afortunadamente el conductor s\u00f3lo sufri\u00f3 un peque\u00f1o corte en su cabeza y tuvo que ser vendado por el personal m\u00e9dico de hospital que lo asisti\u00f3 a la vera de ruta<\/strong>. No obstante, no fue necesario su traslado al nosocomio local.<\/p>\n<p>&nbsp;<\/p>\n<p>Tal como se pudo corroborar, el cami\u00f3n se encontraba pr\u00e1cticamente vaci\u00f3 al momento del accidente, y\u00a0 s\u00f3lo trasladaba unas bolsas con verduras. Atento esa cuesti\u00f3n, <strong>no fue necesario el corte del tr\u00e1nsito ya que no result\u00f3 un obst\u00e1culo para los autos que circulan por la cinta asf\u00e1ltica.<\/strong><\/p>\n<p>&nbsp;<\/p>\n<p><a href=\"https:\/\/www.diariolamanana.com.ar\/noticia\/un-hombre-volco-el-camion-que-manejaba-tras-toparse-con-una-imperfeccion-la-ruta-226\/?fbclid=IwAR3_LKE1aoKQ4ypxUCwnS3R_cnVVjj4Pw6P2gF4Ej2PiKhDnw5gWeK66xkQ\" target=\"_blank\" rel=\"noopener\"><em>Fuente Diario La Ma\u00f1ana de Bol\u00edvar\u00a0<\/em><\/a><\/p>\n","protected":false},"excerpt":{"rendered":"<p>Ocurri\u00f3 este martes en horas del mediod\u00eda a la altura del partido de Bol\u00edvar. Afortunadamente result\u00f3 ileso.<\/p>\n","protected":false},"author":3,"featured_media":32084,"comment_status":"closed","ping_status":"closed","sticky":false,"template":"","format":"standard","meta":{"_jetpack_memberships_contains_paid_content":false,"footnotes":""},"categories":[14,1],"tags":[],"class_list":["post-32083","post","type-post","status-publish","format-standard","has-post-thumbnail","hentry","category-policiales","category-portada"],"jetpack_featured_media_url":"https:\/\/i0.wp.com\/cdnoticias.com\/wp-content\/uploads\/2021\/09\/camion1-696x392.jpg?fit=696%2C392&ssl=1","jetpack_sharing_enabled":true,"_links":{"self":[{"href":"https:\/\/cdnoticias.com\/index.php\/wp-json\/wp\/v2\/posts\/32083","targetHints":{"allow":["GET"]}}],"collection":[{"href":"https:\/\/cdnoticias.com\/index.php\/wp-json\/wp\/v2\/posts"}],"about":[{"href":"https:\/\/cdnoticias.com\/index.php\/wp-json\/wp\/v2\/types\/post"}],"author":[{"embeddable":true,"href":"https:\/\/cdnoticias.com\/index.php\/wp-json\/wp\/v2\/users\/3"}],"replies":[{"embeddable":true,"href":"https:\/\/cdnoticias.com\/index.php\/wp-json\/wp\/v2\/comments?post=32083"}],"version-history":[{"count":0,"href":"https:\/\/cdnoticias.com\/index.php\/wp-json\/wp\/v2\/posts\/32083\/revisions"}],"wp:featuredmedia":[{"embeddable":true,"href":"https:\/\/cdnoticias.com\/index.php\/wp-json\/wp\/v2\/media\/32084"}],"wp:attachment":[{"href":"https:\/\/cdnoticias.com\/index.php\/wp-json\/wp\/v2\/media?parent=32083"}],"wp:term":[{"taxonomy":"category","embeddable":true,"href":"https:\/\/cdnoticias.com\/index.php\/wp-json\/wp\/v2\/categories?post=32083"},{"taxonomy":"post_tag","embeddable":true,"href":"https:\/\/cdnoticias.com\/index.php\/wp-json\/wp\/v2\/tags?post=32083"}],"curies":[{"name":"wp","href":"https:\/\/api.w.org\/{rel}","templated":true}]}}