{"id":32053,"date":"2021-09-07T16:20:00","date_gmt":"2021-09-07T19:20:00","guid":{"rendered":"http:\/\/www.centraldenoticias.com.ar\/?p=32053"},"modified":"2021-09-07T16:20:58","modified_gmt":"2021-09-07T19:20:58","slug":"primer-congreso-bonaerense-sobre-violencias-por-razones-de-genero","status":"publish","type":"post","link":"https:\/\/cdnoticias.com\/index.php\/2021\/09\/07\/primer-congreso-bonaerense-sobre-violencias-por-razones-de-genero\/","title":{"rendered":"Primer Congreso bonaerense sobre Violencias por Razones de G\u00e9nero"},"content":{"rendered":"<div class=\"td_block_wrap tdb_single_subtitle tdi_72 td-pb-border-top td_block_template_1\" data-td-block-uid=\"tdi_72\">\n<div class=\"tdb-block-inner td-fix-index\">\n<p>La convocatoria para participar ser\u00e1 hasta el 15 de septiembre. El encuentro se realizar\u00e1 de forma virtual del 23 al 26 de noviembre.<\/p>\n<\/div>\n<\/div>\n<p><!--more--><\/p>\n<hr \/>\n<div class=\"td_block_wrap tdb_single_date tdi_73 td-pb-border-top td_block_template_1 tdb-post-meta\" data-td-block-uid=\"tdi_73\"><\/div>\n<div data-td-block-uid=\"tdi_73\">\n<p>El Ministerio de Mujeres, Pol\u00edticas de G\u00e9nero y Diversidad Sexual bonaerense abri\u00f3 la convocatoria para participar del primer Congreso sobre Violencias por Razones de G\u00e9nero <strong>dirigido a integrantes de movimientos sociales, colectivos feministas, varones organizados, colectivo LGTBI+, activistas, referentes del \u00e1mbito legislativo, judicial, ejecutivo, sindical e investigadores.<\/strong><\/p>\n<p>&nbsp;<\/p>\n<\/div>\n<p>El evento, llamado\u00a0<strong> \u201cEstado Presente: la Provincia de Buenos Aires frente a las violencias por razones de g\u00e9nero: debates, reflexiones y experiencias\u201d<\/strong>, se har\u00e1<strong> en el marco del D\u00eda Internacional de la Eliminaci\u00f3n de las Violencias contra las Mujeres<\/strong>, que se conmemora el 25 de noviembre.<\/p>\n<p>&nbsp;<\/p>\n<p>La convocatoria la abre la Subsecretar\u00eda de Pol\u00edticas contra las Violencias con el objetivo de<strong> \u201cgenerar, en forma colectiva, propuestas, debates y reflexiones en torno a las violencias por razones de g\u00e9nero\u201d.<\/strong><\/p>\n<p>&nbsp;<\/p>\n<p>El Congreso se realizar\u00e1 de<strong> forma virtual del 23 al 26 de noviembre y hasta el 15 de septiembre <\/strong>se recibir\u00e1n las presentaciones para participar en el mail\u00a0dirinvestigacion@ministeriodelasmujeres.gba.gob.ar.<\/p>\n<p>&nbsp;<\/p>\n<p>El mismo estar\u00e1 organizado en mesas de trabajo en funci\u00f3n de los distintos tipos y modalidades de violencias: <strong>dom\u00e9stica, obst\u00e9trica, medi\u00e1tica, pol\u00edtica, econ\u00f3mica, laboral, sexual, digital<\/strong> y tambi\u00e9n las tem\u00e1ticas <strong>violencias y diversidad sexual, y violencias y masculinidades.\u00a0<\/strong><\/p>\n<p>&nbsp;<\/p>\n<p><em>Fuente: DIB\u00a0<\/em><\/p>\n","protected":false},"excerpt":{"rendered":"<p>La convocatoria para participar ser\u00e1 hasta el 15 de septiembre. El encuentro se realizar\u00e1 de forma virtual del 23 al<\/p>\n","protected":false},"author":6,"featured_media":32054,"comment_status":"closed","ping_status":"closed","sticky":false,"template":"","format":"standard","meta":{"_jetpack_memberships_contains_paid_content":false,"footnotes":""},"categories":[3,1],"tags":[],"class_list":["post-32053","post","type-post","status-publish","format-standard","has-post-thumbnail","hentry","category-genero","category-portada"],"jetpack_featured_media_url":"https:\/\/i0.wp.com\/cdnoticias.com\/wp-content\/uploads\/2021\/09\/Estela-Diaz-5.jpg?fit=810%2C540&ssl=1","jetpack_sharing_enabled":true,"_links":{"self":[{"href":"https:\/\/cdnoticias.com\/index.php\/wp-json\/wp\/v2\/posts\/32053","targetHints":{"allow":["GET"]}}],"collection":[{"href":"https:\/\/cdnoticias.com\/index.php\/wp-json\/wp\/v2\/posts"}],"about":[{"href":"https:\/\/cdnoticias.com\/index.php\/wp-json\/wp\/v2\/types\/post"}],"author":[{"embeddable":true,"href":"https:\/\/cdnoticias.com\/index.php\/wp-json\/wp\/v2\/users\/6"}],"replies":[{"embeddable":true,"href":"https:\/\/cdnoticias.com\/index.php\/wp-json\/wp\/v2\/comments?post=32053"}],"version-history":[{"count":0,"href":"https:\/\/cdnoticias.com\/index.php\/wp-json\/wp\/v2\/posts\/32053\/revisions"}],"wp:featuredmedia":[{"embeddable":true,"href":"https:\/\/cdnoticias.com\/index.php\/wp-json\/wp\/v2\/media\/32054"}],"wp:attachment":[{"href":"https:\/\/cdnoticias.com\/index.php\/wp-json\/wp\/v2\/media?parent=32053"}],"wp:term":[{"taxonomy":"category","embeddable":true,"href":"https:\/\/cdnoticias.com\/index.php\/wp-json\/wp\/v2\/categories?post=32053"},{"taxonomy":"post_tag","embeddable":true,"href":"https:\/\/cdnoticias.com\/index.php\/wp-json\/wp\/v2\/tags?post=32053"}],"curies":[{"name":"wp","href":"https:\/\/api.w.org\/{rel}","templated":true}]}}