{"id":32019,"date":"2021-09-07T10:11:47","date_gmt":"2021-09-07T13:11:47","guid":{"rendered":"http:\/\/www.centraldenoticias.com.ar\/?p=32019"},"modified":"2021-09-07T10:11:47","modified_gmt":"2021-09-07T13:11:47","slug":"raul-antonio-sacher-q-e-p-d","status":"publish","type":"post","link":"https:\/\/cdnoticias.com\/index.php\/2021\/09\/07\/raul-antonio-sacher-q-e-p-d\/","title":{"rendered":"Ra\u00fal Antonio Sacher (Q.E.P.D.)"},"content":{"rendered":"<p>Falleci\u00f3 en Olavarr\u00eda el d\u00eda 6 de septiembre de 2021 a los 75 a\u00f1os de edad.<\/p>\n<p>&nbsp;<\/p>\n<p>Su esposa: Mirta Elena Giammatolo. Sus hijos: Raul, Silvana, Martin, Karina y Maxi. Sus hijos pol\u00edticos: Mar\u00eda Jos\u00e9, Lolo, Mercedes, Gabriel y Trinidad. Sus nietos: P\u00eda, Pilar, Valentina, Julieta, Ignacio, Bautista, Joaqu\u00edn, Paula, Nahuel, M\u00eda, Gianluca, Cata y Ulises. Su hermana: Elba. Sus sobrinos y dem\u00e1s deudos participan de su fallecimiento.<\/p>\n<p>&nbsp;<\/p>\n<p>Velatorio: Espa\u00f1a 2942, Departamento &#8220;A&#8221;, comienza 12:30. Responso: Capilla ardiente. Inhumaci\u00f3n: Cementerio Loma de Paz, martes 7 a las 14.30.<\/p>\n<p>&nbsp;<\/p>\n<p>Barrio: Amparo Castro.<\/p>\n<p>&nbsp;<\/p>\n<p>Actividad que desarrollaba: Jubilado<\/p>\n<p>&nbsp;<\/p>\n<p>Nacido en Olavarr\u00eda.<\/p>\n","protected":false},"excerpt":{"rendered":"<p>Falleci\u00f3 en Olavarr\u00eda el d\u00eda 6 de septiembre de 2021 a los 75 a\u00f1os de edad. &nbsp; Su esposa: Mirta<\/p>\n","protected":false},"author":4,"featured_media":0,"comment_status":"closed","ping_status":"closed","sticky":false,"template":"","format":"standard","meta":{"_jetpack_memberships_contains_paid_content":false,"footnotes":""},"categories":[10],"tags":[],"class_list":["post-32019","post","type-post","status-publish","format-standard","hentry","category-necrologicas"],"jetpack_featured_media_url":"","jetpack_sharing_enabled":true,"_links":{"self":[{"href":"https:\/\/cdnoticias.com\/index.php\/wp-json\/wp\/v2\/posts\/32019","targetHints":{"allow":["GET"]}}],"collection":[{"href":"https:\/\/cdnoticias.com\/index.php\/wp-json\/wp\/v2\/posts"}],"about":[{"href":"https:\/\/cdnoticias.com\/index.php\/wp-json\/wp\/v2\/types\/post"}],"author":[{"embeddable":true,"href":"https:\/\/cdnoticias.com\/index.php\/wp-json\/wp\/v2\/users\/4"}],"replies":[{"embeddable":true,"href":"https:\/\/cdnoticias.com\/index.php\/wp-json\/wp\/v2\/comments?post=32019"}],"version-history":[{"count":0,"href":"https:\/\/cdnoticias.com\/index.php\/wp-json\/wp\/v2\/posts\/32019\/revisions"}],"wp:attachment":[{"href":"https:\/\/cdnoticias.com\/index.php\/wp-json\/wp\/v2\/media?parent=32019"}],"wp:term":[{"taxonomy":"category","embeddable":true,"href":"https:\/\/cdnoticias.com\/index.php\/wp-json\/wp\/v2\/categories?post=32019"},{"taxonomy":"post_tag","embeddable":true,"href":"https:\/\/cdnoticias.com\/index.php\/wp-json\/wp\/v2\/tags?post=32019"}],"curies":[{"name":"wp","href":"https:\/\/api.w.org\/{rel}","templated":true}]}}