{"id":32008,"date":"2021-09-07T09:55:30","date_gmt":"2021-09-07T12:55:30","guid":{"rendered":"http:\/\/www.centraldenoticias.com.ar\/?p=32008"},"modified":"2021-09-07T11:21:04","modified_gmt":"2021-09-07T14:21:04","slug":"dos-allanamientos-por-abigeatos-hay-tres-imputados-uno-de-ellos-aprehendido","status":"publish","type":"post","link":"https:\/\/cdnoticias.com\/index.php\/2021\/09\/07\/dos-allanamientos-por-abigeatos-hay-tres-imputados-uno-de-ellos-aprehendido\/","title":{"rendered":"Dos allanamientos por abigeatos: hay tres imputados; uno de ellos, aprehendido"},"content":{"rendered":"<p>Se secuestraron armas de fuego, municiones y cuchillos entre otros elementos. Se investigan casos ocurridos sobre la ruta 226 y en el camino a Blanca Chica. A su vez se iniciaron actuaciones por venta de droga.<!--more--><\/p>\n<hr \/>\n<p><strong>En la jornada del lunes se llevaron adelante dos allanamientos en la ciudad de Olavarr\u00eda<\/strong> en el marco de la investigaci\u00f3n de<strong> sendos casos de abigeatos<\/strong>. Los resultados fueron positivos en cuanto al secuestro de numerosos elementos, <strong>hay tres personas imputadas y una de ellas fue aprehendida<\/strong>.<\/p>\n<p>&nbsp;<\/p>\n<p>Cabe se\u00f1alar que este procedimiento se dio horas despu\u00e9s de que <strong>los productores rurales de un tramo de la ruta 226 y de la zona de Espigas<\/strong> <a href=\"https:\/\/cdnoticias.com\/index.php\/2021\/09\/06\/siguen-los-abigeatos-y-los-productores-rurales-se-movilizan-en-demanda-de-seguridad\/\" target=\"_blank\" rel=\"noopener\">anunciaran la convocatoria a una reuni\u00f3n<\/a> con autoridades municipales, policiales y judiciales por la reiteraci\u00f3n de hechos de este tipo. Estimaron que <strong>en lo que va del a\u00f1o, en ese sector han perdido 30 animales a manos de los abigeos<\/strong>.<\/p>\n<p><img data-recalc-dims=\"1\" loading=\"lazy\" decoding=\"async\" class=\"alignnone wp-image-32011\" src=\"https:\/\/i0.wp.com\/cdnoticias.com\/wp-content\/uploads\/2021\/09\/allanamientos-abigeato-07.jpg?resize=300%2C400&#038;ssl=1\" alt=\"\" width=\"300\" height=\"400\" srcset=\"https:\/\/i0.wp.com\/cdnoticias.com\/wp-content\/uploads\/2021\/09\/allanamientos-abigeato-07.jpg?w=450&amp;ssl=1 450w, https:\/\/i0.wp.com\/cdnoticias.com\/wp-content\/uploads\/2021\/09\/allanamientos-abigeato-07.jpg?resize=225%2C300&amp;ssl=1 225w\" sizes=\"auto, (max-width: 300px) 100vw, 300px\" \/> <img data-recalc-dims=\"1\" loading=\"lazy\" decoding=\"async\" class=\"alignnone wp-image-32012\" src=\"https:\/\/i0.wp.com\/cdnoticias.com\/wp-content\/uploads\/2021\/09\/allanamientos-abigeato-00.jpg?resize=300%2C401&#038;ssl=1\" alt=\"\" width=\"300\" height=\"401\" srcset=\"https:\/\/i0.wp.com\/cdnoticias.com\/wp-content\/uploads\/2021\/09\/allanamientos-abigeato-00.jpg?w=450&amp;ssl=1 450w, https:\/\/i0.wp.com\/cdnoticias.com\/wp-content\/uploads\/2021\/09\/allanamientos-abigeato-00.jpg?resize=225%2C300&amp;ssl=1 225w\" sizes=\"auto, (max-width: 300px) 100vw, 300px\" \/><\/p>\n<p>Seg\u00fan se detall\u00f3 desde el Comando de Prevenci\u00f3n Rural (CPR), que estuvo al frente del operativo, los allanamientos se llevaron adelante en el marco de las<strong> averiguaciones por il\u00edcitos denunciados por productores agropecuarios de un establecimiento rural ubicado en ruta 226 kil\u00f3metro 323 y de otro establecimiento del Camino a Blanca Chica<\/strong>.<\/p>\n<p>&nbsp;<\/p>\n<blockquote><p>Se logr\u00f3 el secuestro de nueve tel\u00e9fonos celulares, dos cuchillos, una escopeta calibre 16, un rev\u00f3lver calibre 22 largo, cinco municiones calibre 22, 23 proyectiles calibre 22 largo y 11 cartuchos calibre 16.<\/p><\/blockquote>\n<p><img data-recalc-dims=\"1\" loading=\"lazy\" decoding=\"async\" class=\"size-full wp-image-32013 aligncenter\" src=\"https:\/\/i0.wp.com\/cdnoticias.com\/wp-content\/uploads\/2021\/09\/allanamientos-abigeato-04.jpg?resize=800%2C445&#038;ssl=1\" alt=\"\" width=\"800\" height=\"445\" srcset=\"https:\/\/i0.wp.com\/cdnoticias.com\/wp-content\/uploads\/2021\/09\/allanamientos-abigeato-04.jpg?w=800&amp;ssl=1 800w, https:\/\/i0.wp.com\/cdnoticias.com\/wp-content\/uploads\/2021\/09\/allanamientos-abigeato-04.jpg?resize=300%2C167&amp;ssl=1 300w, https:\/\/i0.wp.com\/cdnoticias.com\/wp-content\/uploads\/2021\/09\/allanamientos-abigeato-04.jpg?resize=768%2C427&amp;ssl=1 768w\" sizes=\"auto, (max-width: 800px) 100vw, 800px\" \/><\/p>\n<p>Por otro lado, tambi\u00e9n fueron incautados <strong>63,1 gramos de cogollos de marihuana y 3,1 gramos compactados<\/strong>, tres plantas de la misma especie, un cigarrillo semicombustionado, un frasco con tres semillas de cannabis sativa, una balanza de precisi\u00f3n y 49.410 pesos en efectivo.<\/p>\n<p>&nbsp;<\/p>\n<p>Las averiguaciones por los faenamientos denunciados <strong>sumaron testimonios y elementos probatorios<\/strong> que, seg\u00fan detall\u00f3 el CPR, <strong>permitieron establecer la autor\u00eda del hecho por parte de tres olavarrienses<\/strong>. Con ello se solicitaron \u00f3rdenes de allanamiento, registro y secuestro de los domicilios.<\/p>\n<p>&nbsp;<\/p>\n<p><img data-recalc-dims=\"1\" loading=\"lazy\" decoding=\"async\" class=\"alignnone size-large wp-image-32014\" src=\"https:\/\/i0.wp.com\/cdnoticias.com\/wp-content\/uploads\/2021\/09\/allanamientos-abigeato-05.jpg?resize=800%2C445&#038;ssl=1\" alt=\"\" width=\"800\" height=\"445\" srcset=\"https:\/\/i0.wp.com\/cdnoticias.com\/wp-content\/uploads\/2021\/09\/allanamientos-abigeato-05.jpg?w=800&amp;ssl=1 800w, https:\/\/i0.wp.com\/cdnoticias.com\/wp-content\/uploads\/2021\/09\/allanamientos-abigeato-05.jpg?resize=300%2C167&amp;ssl=1 300w, https:\/\/i0.wp.com\/cdnoticias.com\/wp-content\/uploads\/2021\/09\/allanamientos-abigeato-05.jpg?resize=768%2C427&amp;ssl=1 768w\" sizes=\"auto, (max-width: 800px) 100vw, 800px\" \/><\/p>\n<p><img data-recalc-dims=\"1\" loading=\"lazy\" decoding=\"async\" class=\"alignnone size-large wp-image-32015\" src=\"https:\/\/i0.wp.com\/cdnoticias.com\/wp-content\/uploads\/2021\/09\/allanamientos-abigeato-01.jpg?resize=800%2C445&#038;ssl=1\" alt=\"\" width=\"800\" height=\"445\" srcset=\"https:\/\/i0.wp.com\/cdnoticias.com\/wp-content\/uploads\/2021\/09\/allanamientos-abigeato-01.jpg?w=800&amp;ssl=1 800w, https:\/\/i0.wp.com\/cdnoticias.com\/wp-content\/uploads\/2021\/09\/allanamientos-abigeato-01.jpg?resize=300%2C167&amp;ssl=1 300w, https:\/\/i0.wp.com\/cdnoticias.com\/wp-content\/uploads\/2021\/09\/allanamientos-abigeato-01.jpg?resize=768%2C427&amp;ssl=1 768w\" sizes=\"auto, (max-width: 800px) 100vw, 800px\" \/><\/p>\n<p>&nbsp;<\/p>\n<p>El <strong>juez de Garant\u00edas N\u00b0 2, Carlos Villamar\u00edn<\/strong>, habilit\u00f3 los procedimientos en los que tomaron intervenci\u00f3n <strong>Personal de Coordinaci\u00f3n Olavarr\u00eda, C.P.R. Olavarr\u00eda, C.P.R. Azul y colaboraron efectivos de las comisar\u00edas Primera y Segunda, Subcomisar\u00eda Sierras Bayas, G.A.D. Olavarr\u00eda, Polic\u00eda Local Olavarr\u00eda, y Delegaci\u00f3n Polic\u00eda Federal Argentina<\/strong> con sede local.<\/p>\n<p>&nbsp;<\/p>\n<p>Tras los secuestros, se iniciaron actuaciones por <strong>\u201cinfracci\u00f3n a la Ley 23.737\u201d<\/strong> con intervenci\u00f3n de la UFI N\u00b0 19 del fiscal Lucas Moyano quien dispuso que se labraran dos tipos de actuaciones. En uno de los domicilios allanados se enmarcaron en el art\u00edculo 60 del C\u00f3digo Penal (notificaci\u00f3n de las actuaciones en su contra) y en el segundo, por <strong>\u201cinfracci\u00f3n a la Ley 23.737 con fines de comercializaci\u00f3n y tenencia ilegal de arma de fuego de uso civil\u201d<\/strong>.<\/p>\n<p>&nbsp;<\/p>\n<p><img data-recalc-dims=\"1\" loading=\"lazy\" decoding=\"async\" class=\"size-full wp-image-32017 aligncenter\" src=\"https:\/\/i0.wp.com\/cdnoticias.com\/wp-content\/uploads\/2021\/09\/allanamientos-abigeato-06.jpg?resize=800%2C444&#038;ssl=1\" alt=\"\" width=\"800\" height=\"444\" srcset=\"https:\/\/i0.wp.com\/cdnoticias.com\/wp-content\/uploads\/2021\/09\/allanamientos-abigeato-06.jpg?w=800&amp;ssl=1 800w, https:\/\/i0.wp.com\/cdnoticias.com\/wp-content\/uploads\/2021\/09\/allanamientos-abigeato-06.jpg?resize=300%2C167&amp;ssl=1 300w, https:\/\/i0.wp.com\/cdnoticias.com\/wp-content\/uploads\/2021\/09\/allanamientos-abigeato-06.jpg?resize=768%2C426&amp;ssl=1 768w\" sizes=\"auto, (max-width: 800px) 100vw, 800px\" \/><\/p>\n<p>&nbsp;<\/p>\n<blockquote><p>En este segundo domicilio fue aprehendido un hombre quien deber\u00e1 presentarse este martes en la sede del Poder Judicial local para brindar su declaraci\u00f3n en los t\u00e9rminos del art\u00edculo 308. Qued\u00f3 alojado en la dependencia del CPR con custodia.<\/p><\/blockquote>\n<p>&nbsp;<\/p>\n<p>En las pr\u00f3ximas horas se conocer\u00e1n los avances del caso en cuanto a las pericias solicitadas por los abigeatos y la continuidad o no de la aprehensi\u00f3n de uno de los imputados.<\/p>\n","protected":false},"excerpt":{"rendered":"<p>Se secuestraron armas de fuego, municiones y cuchillos entre otros elementos. Se investigan casos ocurridos sobre la ruta 226 y<\/p>\n","protected":false},"author":4,"featured_media":32010,"comment_status":"closed","ping_status":"closed","sticky":false,"template":"","format":"standard","meta":{"_jetpack_memberships_contains_paid_content":false,"footnotes":""},"categories":[4,1],"tags":[],"class_list":["post-32008","post","type-post","status-publish","format-standard","has-post-thumbnail","hentry","category-politica","category-portada"],"jetpack_featured_media_url":"https:\/\/i0.wp.com\/cdnoticias.com\/wp-content\/uploads\/2021\/09\/allanamientos-abigeato-03.jpg?fit=800%2C445&ssl=1","jetpack_sharing_enabled":true,"_links":{"self":[{"href":"https:\/\/cdnoticias.com\/index.php\/wp-json\/wp\/v2\/posts\/32008","targetHints":{"allow":["GET"]}}],"collection":[{"href":"https:\/\/cdnoticias.com\/index.php\/wp-json\/wp\/v2\/posts"}],"about":[{"href":"https:\/\/cdnoticias.com\/index.php\/wp-json\/wp\/v2\/types\/post"}],"author":[{"embeddable":true,"href":"https:\/\/cdnoticias.com\/index.php\/wp-json\/wp\/v2\/users\/4"}],"replies":[{"embeddable":true,"href":"https:\/\/cdnoticias.com\/index.php\/wp-json\/wp\/v2\/comments?post=32008"}],"version-history":[{"count":0,"href":"https:\/\/cdnoticias.com\/index.php\/wp-json\/wp\/v2\/posts\/32008\/revisions"}],"wp:featuredmedia":[{"embeddable":true,"href":"https:\/\/cdnoticias.com\/index.php\/wp-json\/wp\/v2\/media\/32010"}],"wp:attachment":[{"href":"https:\/\/cdnoticias.com\/index.php\/wp-json\/wp\/v2\/media?parent=32008"}],"wp:term":[{"taxonomy":"category","embeddable":true,"href":"https:\/\/cdnoticias.com\/index.php\/wp-json\/wp\/v2\/categories?post=32008"},{"taxonomy":"post_tag","embeddable":true,"href":"https:\/\/cdnoticias.com\/index.php\/wp-json\/wp\/v2\/tags?post=32008"}],"curies":[{"name":"wp","href":"https:\/\/api.w.org\/{rel}","templated":true}]}}