{"id":32003,"date":"2021-09-07T09:12:18","date_gmt":"2021-09-07T12:12:18","guid":{"rendered":"http:\/\/www.centraldenoticias.com.ar\/?p=32003"},"modified":"2021-09-07T09:12:18","modified_gmt":"2021-09-07T12:12:18","slug":"la-juventud-de-vamos-con-vos-olavarria-participo-de-un-encuentro-con-randazzo","status":"publish","type":"post","link":"https:\/\/cdnoticias.com\/index.php\/2021\/09\/07\/la-juventud-de-vamos-con-vos-olavarria-participo-de-un-encuentro-con-randazzo\/","title":{"rendered":"La juventud de Vamos con Vos Olavarr\u00eda particip\u00f3 de un encuentro con Randazzo"},"content":{"rendered":"<p>Fue este domingo en la localidad de Vicente L\u00f3pez. Junto a Carolina Castro, Florencio Randazzo discuti\u00f3 con los j\u00f3venes la necesidad de \u201ccrear pol\u00edticas p\u00fablicas enfocadas en su futuro\u201d.<!--more--><\/p>\n<hr \/>\n<p>Este domingo por la tarde, en la localidad de Vicente L\u00f3pez, <strong>integrantes de la juventud de Vamos con Vos de toda la provincia participaron de un encuentro con el primer precandidato a diputado nacional del espacio, Florencio Randazzo y la segunda precandidata Carolina Castro.<\/strong><\/p>\n<p>&nbsp;<\/p>\n<p>Representando a la juventud Vecinalista local viajaron<strong> Ruky Caballero, Gustavo Angulo y M\u00e1ximo Naviliat.<\/strong> En el encuentro se intercambiaron ideas y propuestas sobre temas de agenda pol\u00edtica urgentes, como educaci\u00f3n, trabajo, g\u00e9nero y medio ambiente.<\/p>\n<p>&nbsp;<\/p>\n<p><img data-recalc-dims=\"1\" loading=\"lazy\" decoding=\"async\" class=\"alignnone size-large wp-image-32005\" src=\"https:\/\/i0.wp.com\/cdnoticias.com\/wp-content\/uploads\/2021\/09\/WhatsApp-Image-2021-09-07-at-08.53.51.jpeg?resize=800%2C509&#038;ssl=1\" alt=\"\" width=\"800\" height=\"509\" srcset=\"https:\/\/i0.wp.com\/cdnoticias.com\/wp-content\/uploads\/2021\/09\/WhatsApp-Image-2021-09-07-at-08.53.51.jpeg?resize=1024%2C651&amp;ssl=1 1024w, https:\/\/i0.wp.com\/cdnoticias.com\/wp-content\/uploads\/2021\/09\/WhatsApp-Image-2021-09-07-at-08.53.51.jpeg?resize=300%2C191&amp;ssl=1 300w, https:\/\/i0.wp.com\/cdnoticias.com\/wp-content\/uploads\/2021\/09\/WhatsApp-Image-2021-09-07-at-08.53.51.jpeg?resize=768%2C488&amp;ssl=1 768w, https:\/\/i0.wp.com\/cdnoticias.com\/wp-content\/uploads\/2021\/09\/WhatsApp-Image-2021-09-07-at-08.53.51.jpeg?w=1078&amp;ssl=1 1078w\" sizes=\"auto, (max-width: 800px) 100vw, 800px\" \/><\/p>\n<p>&nbsp;<\/p>\n<p><strong>Angulo form\u00f3 parte de la mesa de emprendedores con sus ideas sobre marketing digital y el desarrollo nacional de nuevas tecnolog\u00edas, en tanto que Caballero y Naviliat hicieron hincapi\u00e9 en la desigualdad <em>&#8220;entre el pudiente y las clases carenciadas<\/em>&#8221;\u00a0 y la educaci\u00f3n<\/strong> como eje fundamental para el desarrollo del pa\u00eds.<\/p>\n<p>&nbsp;<\/p>\n<p>Posteriormente Randazzo expres\u00f3 que es necesario<em> \u201ccrear pol\u00edticas p\u00fablicas destinadas a los j\u00f3venes y para ello es fundamental escucharlos y conocer sus inquietudes\u201d.<\/em><\/p>\n<p>&nbsp;<\/p>\n<p><img data-recalc-dims=\"1\" loading=\"lazy\" decoding=\"async\" class=\"alignnone size-large wp-image-32004\" src=\"https:\/\/i0.wp.com\/cdnoticias.com\/wp-content\/uploads\/2021\/09\/WhatsApp-Image-2021-09-07-at-08.53.51-1.jpeg?resize=800%2C554&#038;ssl=1\" alt=\"\" width=\"800\" height=\"554\" srcset=\"https:\/\/i0.wp.com\/cdnoticias.com\/wp-content\/uploads\/2021\/09\/WhatsApp-Image-2021-09-07-at-08.53.51-1.jpeg?resize=1024%2C709&amp;ssl=1 1024w, https:\/\/i0.wp.com\/cdnoticias.com\/wp-content\/uploads\/2021\/09\/WhatsApp-Image-2021-09-07-at-08.53.51-1.jpeg?resize=300%2C208&amp;ssl=1 300w, https:\/\/i0.wp.com\/cdnoticias.com\/wp-content\/uploads\/2021\/09\/WhatsApp-Image-2021-09-07-at-08.53.51-1.jpeg?resize=768%2C532&amp;ssl=1 768w, https:\/\/i0.wp.com\/cdnoticias.com\/wp-content\/uploads\/2021\/09\/WhatsApp-Image-2021-09-07-at-08.53.51-1.jpeg?resize=392%2C272&amp;ssl=1 392w, https:\/\/i0.wp.com\/cdnoticias.com\/wp-content\/uploads\/2021\/09\/WhatsApp-Image-2021-09-07-at-08.53.51-1.jpeg?resize=130%2C90&amp;ssl=1 130w, https:\/\/i0.wp.com\/cdnoticias.com\/wp-content\/uploads\/2021\/09\/WhatsApp-Image-2021-09-07-at-08.53.51-1.jpeg?w=1079&amp;ssl=1 1079w\" sizes=\"auto, (max-width: 800px) 100vw, 800px\" \/><\/p>\n<p>&nbsp;<\/p>\n<p><em>&#8220;<strong>Nos quieren hacer creer que para interpelar a los pibes y pibas solo hay que hablar de sexo, drogas o cantar un trap.<\/strong> Pero eso solo demuestra que son unos oportunistas y que no quieren escuchar los problemas urgentes que tiene la juventud&#8221;<\/em>, concluy\u00f3 Florencio Randazzo.<\/p>\n","protected":false},"excerpt":{"rendered":"<p>Fue este domingo en la localidad de Vicente L\u00f3pez. Junto a Carolina Castro, Florencio Randazzo discuti\u00f3 con los j\u00f3venes la<\/p>\n","protected":false},"author":2,"featured_media":32006,"comment_status":"closed","ping_status":"closed","sticky":false,"template":"","format":"standard","meta":{"_jetpack_memberships_contains_paid_content":false,"footnotes":""},"categories":[4,1],"tags":[],"class_list":["post-32003","post","type-post","status-publish","format-standard","has-post-thumbnail","hentry","category-politica","category-portada"],"jetpack_featured_media_url":"https:\/\/i0.wp.com\/cdnoticias.com\/wp-content\/uploads\/2021\/09\/WhatsApp-Image-2021-09-07-at-08.53.52.jpeg?fit=1080%2C771&ssl=1","jetpack_sharing_enabled":true,"_links":{"self":[{"href":"https:\/\/cdnoticias.com\/index.php\/wp-json\/wp\/v2\/posts\/32003","targetHints":{"allow":["GET"]}}],"collection":[{"href":"https:\/\/cdnoticias.com\/index.php\/wp-json\/wp\/v2\/posts"}],"about":[{"href":"https:\/\/cdnoticias.com\/index.php\/wp-json\/wp\/v2\/types\/post"}],"author":[{"embeddable":true,"href":"https:\/\/cdnoticias.com\/index.php\/wp-json\/wp\/v2\/users\/2"}],"replies":[{"embeddable":true,"href":"https:\/\/cdnoticias.com\/index.php\/wp-json\/wp\/v2\/comments?post=32003"}],"version-history":[{"count":0,"href":"https:\/\/cdnoticias.com\/index.php\/wp-json\/wp\/v2\/posts\/32003\/revisions"}],"wp:featuredmedia":[{"embeddable":true,"href":"https:\/\/cdnoticias.com\/index.php\/wp-json\/wp\/v2\/media\/32006"}],"wp:attachment":[{"href":"https:\/\/cdnoticias.com\/index.php\/wp-json\/wp\/v2\/media?parent=32003"}],"wp:term":[{"taxonomy":"category","embeddable":true,"href":"https:\/\/cdnoticias.com\/index.php\/wp-json\/wp\/v2\/categories?post=32003"},{"taxonomy":"post_tag","embeddable":true,"href":"https:\/\/cdnoticias.com\/index.php\/wp-json\/wp\/v2\/tags?post=32003"}],"curies":[{"name":"wp","href":"https:\/\/api.w.org\/{rel}","templated":true}]}}