{"id":31994,"date":"2021-09-06T20:51:53","date_gmt":"2021-09-06T23:51:53","guid":{"rendered":"http:\/\/www.centraldenoticias.com.ar\/?p=31994"},"modified":"2021-09-06T20:51:53","modified_gmt":"2021-09-06T23:51:53","slug":"este-lunes-se-aplicaron-mas-de-2-mil-vacunas-contra-el-coronavirus","status":"publish","type":"post","link":"https:\/\/cdnoticias.com\/index.php\/2021\/09\/06\/este-lunes-se-aplicaron-mas-de-2-mil-vacunas-contra-el-coronavirus\/","title":{"rendered":"Este lunes se aplicaron m\u00e1s de 2 mil vacunas contra el Coronavirus"},"content":{"rendered":"<p>Tres cuartas partes de las mismas correspondieron a segundos componentes, por lo que m\u00e1s olavarrienses culminaron con su esquema de vacunaci\u00f3n.<!--more--><\/p>\n<hr \/>\n<p>Sigue avanzando a buen ritmo el Plan Provincial de Vacunaci\u00f3n, al punto que en la jornada de este lunes se aplicaron 2100 dosis, con el dato no menor que <strong>tres cuartas partes correspondieron a segundos componentes, por lo que m\u00e1s vecinos y vecinas culminaron con su esquema de inmunizaci\u00f3n contra el Coronavirus.<\/strong><\/p>\n<p>&nbsp;<\/p>\n<p>De acuerdo con lo que se detall\u00f3 desde Regi\u00f3n Sanitaria IX, en el Centro Cultural Universitario se vacunaron 1029 personas con segundas dosis, en el Servicio Territorial N\u00b02 se aplicaron 374 vacunas de segundo componente, en la Facultad de Ciencias de la Salud se inocularon 553 vecinas y vecinos, de los cuales 121 recibieron primer componente y 432 segundas dosis, y en la Mutual Carlos Alberto Moreno de Suteba se vacunaron 144 personas completando esquemas con segunda dosis.<\/p>\n<p>&nbsp;<\/p>\n<blockquote><p>Se detall\u00f3 que en el Centro Provincial de Testeos que funciona en las instalaciones del Club El Fort\u00edn (Urquiza 2980) se realizaron 79 hisopados a personas que se presentaron de manera espont\u00e1nea, de las cuales 8 resultaron positivos.<\/p><\/blockquote>\n<p>&nbsp;<\/p>\n<p>En cuanto a segundas dosis, se recuerda que para recibir la aplicaci\u00f3n es \u00fanicamente por turnos, por lo que se le pide a los vecinos y vecinas que est\u00e9n atentos a las notificaciones que se env\u00edan desde el Ministerio de Salud provincial. A la par,<strong> sigue desarroll\u00e1ndose la vacunaci\u00f3n libre para mayores de 18 a\u00f1os que acrediten domicilio en la localidad present\u00e1ndose con su DNI en la Facultad de Ciencias de la Salud.<\/strong><\/p>\n<p>&nbsp;<\/p>\n<p>Adem\u00e1s, contin\u00faa la inscripci\u00f3n a menores de 12 a 17 a\u00f1os a trav\u00e9s del sitio web<a href=\"http:\/\/www.vacunatepba.gba.gob.ar\" target=\"_blank\" rel=\"noopener\">\u00a0www.vacunatepba.gba.gob.ar<\/a> para obtener el turno correspondiente y recibir la primera dosis, priorizando a quienes pertenecen a grupos de riesgo. Cualquier duda o consulta, podr\u00e1n acercarse a cualquiera de las cuatro postas ubicadas en: Servicio Territorial N\u00b02, Av. Alberdi 2543, de 8 a 18 hs; Facultad de Ciencias de la Salud, Merlo entre Av. Pringles y 9 de julio, de 8 a 18 hs; Centro Cultural Universitario, San Martin 1955, de 8 a 18 hs; y Mutual Carlos Alberto Moreno de Suteba, Collinet 4544, de 8 a 16 hs.<\/p>\n","protected":false},"excerpt":{"rendered":"<p>Tres cuartas partes de las mismas correspondieron a segundos componentes, por lo que m\u00e1s olavarrienses culminaron con su esquema de<\/p>\n","protected":false},"author":3,"featured_media":31850,"comment_status":"closed","ping_status":"closed","sticky":false,"template":"","format":"standard","meta":{"_jetpack_memberships_contains_paid_content":false,"footnotes":""},"categories":[16,1],"tags":[],"class_list":["post-31994","post","type-post","status-publish","format-standard","has-post-thumbnail","hentry","category-covid-19","category-portada"],"jetpack_featured_media_url":"https:\/\/i0.wp.com\/cdnoticias.com\/wp-content\/uploads\/2021\/09\/WhatsApp-Image-2021-09-04-at-11.19.22.jpeg?fit=1151%2C697&ssl=1","jetpack_sharing_enabled":true,"_links":{"self":[{"href":"https:\/\/cdnoticias.com\/index.php\/wp-json\/wp\/v2\/posts\/31994","targetHints":{"allow":["GET"]}}],"collection":[{"href":"https:\/\/cdnoticias.com\/index.php\/wp-json\/wp\/v2\/posts"}],"about":[{"href":"https:\/\/cdnoticias.com\/index.php\/wp-json\/wp\/v2\/types\/post"}],"author":[{"embeddable":true,"href":"https:\/\/cdnoticias.com\/index.php\/wp-json\/wp\/v2\/users\/3"}],"replies":[{"embeddable":true,"href":"https:\/\/cdnoticias.com\/index.php\/wp-json\/wp\/v2\/comments?post=31994"}],"version-history":[{"count":0,"href":"https:\/\/cdnoticias.com\/index.php\/wp-json\/wp\/v2\/posts\/31994\/revisions"}],"wp:featuredmedia":[{"embeddable":true,"href":"https:\/\/cdnoticias.com\/index.php\/wp-json\/wp\/v2\/media\/31850"}],"wp:attachment":[{"href":"https:\/\/cdnoticias.com\/index.php\/wp-json\/wp\/v2\/media?parent=31994"}],"wp:term":[{"taxonomy":"category","embeddable":true,"href":"https:\/\/cdnoticias.com\/index.php\/wp-json\/wp\/v2\/categories?post=31994"},{"taxonomy":"post_tag","embeddable":true,"href":"https:\/\/cdnoticias.com\/index.php\/wp-json\/wp\/v2\/tags?post=31994"}],"curies":[{"name":"wp","href":"https:\/\/api.w.org\/{rel}","templated":true}]}}