{"id":31992,"date":"2021-09-06T20:44:42","date_gmt":"2021-09-06T23:44:42","guid":{"rendered":"http:\/\/www.centraldenoticias.com.ar\/?p=31992"},"modified":"2021-09-06T20:44:42","modified_gmt":"2021-09-06T23:44:42","slug":"franchesca-nicole-bravo-liston-q-e-p-d","status":"publish","type":"post","link":"https:\/\/cdnoticias.com\/index.php\/2021\/09\/06\/franchesca-nicole-bravo-liston-q-e-p-d\/","title":{"rendered":"Franchesca Nicole Bravo Liston (Q.E.P.D.)"},"content":{"rendered":"<p>Falleci\u00f3 en Olavarr\u00eda el d\u00eda\u00a0 6\u00a0 de Septiembre de 2021 al mes de vida.<\/p>\n<p>&nbsp;<\/p>\n<p>Sus padres: Guillermo y Roc\u00edo; sus hermanos: Edgard, Matheo y Thiago; sus abuelos; sus padrinos; sus t\u00edos; sus primos y dem\u00e1s deudos participan de su fallecimiento.<\/p>\n<p>&nbsp;<\/p>\n<p>Sus restos ser\u00e1n velados este martes desde las 10 en la Sala &#8220;A&#8221; de Sierras Bayas, e inhumados desde las 12 en el cementerio municipal de la localidad serrana.<\/p>\n","protected":false},"excerpt":{"rendered":"<p>Falleci\u00f3 en Olavarr\u00eda el d\u00eda\u00a0 6\u00a0 de Septiembre de 2021 al mes de vida. &nbsp; Sus padres: Guillermo y Roc\u00edo;<\/p>\n","protected":false},"author":3,"featured_media":0,"comment_status":"closed","ping_status":"closed","sticky":false,"template":"","format":"standard","meta":{"_jetpack_memberships_contains_paid_content":false,"footnotes":""},"categories":[10],"tags":[],"class_list":["post-31992","post","type-post","status-publish","format-standard","hentry","category-necrologicas"],"jetpack_featured_media_url":"","jetpack_sharing_enabled":true,"_links":{"self":[{"href":"https:\/\/cdnoticias.com\/index.php\/wp-json\/wp\/v2\/posts\/31992","targetHints":{"allow":["GET"]}}],"collection":[{"href":"https:\/\/cdnoticias.com\/index.php\/wp-json\/wp\/v2\/posts"}],"about":[{"href":"https:\/\/cdnoticias.com\/index.php\/wp-json\/wp\/v2\/types\/post"}],"author":[{"embeddable":true,"href":"https:\/\/cdnoticias.com\/index.php\/wp-json\/wp\/v2\/users\/3"}],"replies":[{"embeddable":true,"href":"https:\/\/cdnoticias.com\/index.php\/wp-json\/wp\/v2\/comments?post=31992"}],"version-history":[{"count":0,"href":"https:\/\/cdnoticias.com\/index.php\/wp-json\/wp\/v2\/posts\/31992\/revisions"}],"wp:attachment":[{"href":"https:\/\/cdnoticias.com\/index.php\/wp-json\/wp\/v2\/media?parent=31992"}],"wp:term":[{"taxonomy":"category","embeddable":true,"href":"https:\/\/cdnoticias.com\/index.php\/wp-json\/wp\/v2\/categories?post=31992"},{"taxonomy":"post_tag","embeddable":true,"href":"https:\/\/cdnoticias.com\/index.php\/wp-json\/wp\/v2\/tags?post=31992"}],"curies":[{"name":"wp","href":"https:\/\/api.w.org\/{rel}","templated":true}]}}