{"id":31989,"date":"2021-09-07T11:03:58","date_gmt":"2021-09-07T14:03:58","guid":{"rendered":"http:\/\/www.centraldenoticias.com.ar\/?p=31989"},"modified":"2021-09-07T11:07:19","modified_gmt":"2021-09-07T14:07:19","slug":"elecciones-2021-que-peso-propio-tiene-el-ambiente-en-esta-campana-y-que-proyectos-serian-prioridad","status":"publish","type":"post","link":"https:\/\/cdnoticias.com\/index.php\/2021\/09\/07\/elecciones-2021-que-peso-propio-tiene-el-ambiente-en-esta-campana-y-que-proyectos-serian-prioridad\/","title":{"rendered":"Elecciones 2021: \u00bfQu\u00e9 peso propio tiene el ambiente en esta campa\u00f1a y qu\u00e9 proyectos ser\u00edan prioridad?"},"content":{"rendered":"<p>El Polo de Ingenier\u00eda en energ\u00edas renovables y tecnolog\u00edas ambientales elabor\u00f3 un informe sobre las propuestas de los distintos espacios pol\u00edticos de cara a las pr\u00f3ximas elecciones primarias. Primera parte.<!--more--><\/p>\n<hr \/>\n<p>A un paso de las PASO, los espacios pol\u00edticos de Olavarr\u00eda que pelean por una banca en el HCD explican qu\u00e9 lugar le asignan al desarrollo sostenible y qu\u00e9 problem\u00e1ticas son m\u00e1s urgentes. La explotaci\u00f3n de canteras, los desechos urbanos, el agua y la forestaci\u00f3n est\u00e1n priorizados. Detr\u00e1s aparecen la eficiencia energ\u00e9tica, las renovables y los perros callejeros.<\/p>\n<p>&nbsp;<\/p>\n<p>Ambiente, energ\u00edas renovables y tecnolog\u00edas ambientales fueron los ejes que elegimos desde el Polo de Energ\u00edas Renovables para desembarcar en la campa\u00f1a 2021 y conocer las propuestas legislativas de qui\u00e9nes se precandidatean para las elecciones del 12 de septiembre. \u00bfQu\u00e9 lugar ocupa la tem\u00e1tica dentro de cada propuesta legislativa y qu\u00e9 problem\u00e1ticas de Olavarr\u00eda consideran m\u00e1s preocupantes? La explotaci\u00f3n minera, los residuos s\u00f3lidos urbanos, la calidad del agua y la forestaci\u00f3n se ubican en un orden de prioridad. Detr\u00e1s aparecen la eficiencia energ\u00e9tica, las renovables y los perros callejeros.<\/p>\n<p>&nbsp;<\/p>\n<p>En esta primera parte, una por una las respuestas, por orden alfab\u00e9tico seg\u00fan el nombre de cada espacio y la referencia de quienes encabezan la lista de concejales.<\/p>\n<p>&nbsp;<\/p>\n<p><strong>FIT Unidad &#8211; Yessica Almeida 1\u00b0 precandidata a concejal<\/strong><\/p>\n<p>&nbsp;<\/p>\n<p><strong>IMPORTANCIA:<\/strong> La tem\u00e1tica ambiental ocupa un lugar central de la lucha socialista contra la depredaci\u00f3n capitalista del ambiente y la explotaci\u00f3n de las y los trabajadores. Es por ello que el Partido Obrero organiz\u00f3 una agrupaci\u00f3n, Tribuna Ambiental, que se moviliza y convoca contra el acuerdo porcino con China, contra la megaminer\u00eda, contra la explotaci\u00f3n petrolera en el Mar Argentino o por una ley de humedales para terminar con las quemas y el avance de la frontera agropecuaria y la urbanizaci\u00f3n sobre estos ecosistemas. Nuestro compromiso con la lucha ambientalista es integral: desde ser parte de los movimientos populares en la calle hasta defender y promover una legislaci\u00f3n que atienda estos reclamos en el Congreso, legislaturas y concejos deliberantes.<\/p>\n<p>&nbsp;<\/p>\n<p><strong>PROBLEMATICAS:<\/strong> La depredaci\u00f3n acelerada de los recursos mineros del municipio de Olavarr\u00eda y particularmente el impacto de las cementeras que son emisoras de gases de efecto invernadero. La utilizaci\u00f3n de agrot\u00f3xicos que est\u00e1n prohibidos en pa\u00edses desarrollados y su aplicaci\u00f3n en zonas periurbanas, cercan\u00edas a las escuelas rurales y cursos de agua. El correcto manejo de los Residuos S\u00f3lidos Urbanos que deber\u00eda incluir la separaci\u00f3n en origen y el reciclaje de materiales org\u00e1nicos e inorg\u00e1nicos. El estado de los arroyos Tapalqu\u00e9 y San Jacinto y su calidad ambiental, afectada por la contaminaci\u00f3n industrial y domiciliaria.<\/p>\n<p>&nbsp;<\/p>\n<p><img data-recalc-dims=\"1\" loading=\"lazy\" decoding=\"async\" class=\"size-large wp-image-30730 aligncenter\" src=\"https:\/\/i0.wp.com\/cdnoticias.com\/wp-content\/uploads\/2021\/08\/Almeida2.jpg?resize=800%2C445&#038;ssl=1\" alt=\"\" width=\"800\" height=\"445\" srcset=\"https:\/\/i0.wp.com\/cdnoticias.com\/wp-content\/uploads\/2021\/08\/Almeida2.jpg?resize=1024%2C569&amp;ssl=1 1024w, https:\/\/i0.wp.com\/cdnoticias.com\/wp-content\/uploads\/2021\/08\/Almeida2.jpg?resize=300%2C167&amp;ssl=1 300w, https:\/\/i0.wp.com\/cdnoticias.com\/wp-content\/uploads\/2021\/08\/Almeida2.jpg?resize=768%2C427&amp;ssl=1 768w, https:\/\/i0.wp.com\/cdnoticias.com\/wp-content\/uploads\/2021\/08\/Almeida2.jpg?resize=800%2C445&amp;ssl=1 800w, https:\/\/i0.wp.com\/cdnoticias.com\/wp-content\/uploads\/2021\/08\/Almeida2.jpg?w=1600&amp;ssl=1 1600w, https:\/\/i0.wp.com\/cdnoticias.com\/wp-content\/uploads\/2021\/08\/Almeida2.jpg?w=2400&amp;ssl=1 2400w\" sizes=\"auto, (max-width: 800px) 100vw, 800px\" \/><\/p>\n<p>&nbsp;<\/p>\n<p><strong>Frente NOS \u2013 Mart\u00edn Ortiz 1\u00ba precandidato a concejal<\/strong><\/p>\n<p>&nbsp;<\/p>\n<p><strong>IMPORTANCIA:<\/strong> Desde el Frente NOS, daremos un impulso vigoroso y renovado a la investigaci\u00f3n y el desarrollo cient\u00edfico tecnol\u00f3gico, como \u00e1rea transversal a todas las del Estado y como pilar para generar mejores condiciones de vida y trabajo a todos los argentinos, agregar valor a nuestra producci\u00f3n y sumarnos a la carrera por el conocimiento caracter\u00edstica de este siglo. Entendemos que el abordaje de esta tem\u00e1tica debe enmarcarse dentro de la idea general de nuestro frente de reducir el gasto pol\u00edtico para permitir al estado dedicarse a aquellas \u00e1reas que constituyen su raz\u00f3n de ser. S\u00f3lo as\u00ed estaremos en condiciones de asignar presupuestos adecuados y estables a dichas \u00e1reas. Apuntaremos a que la calidad de nuestros investigadores cient\u00edficos pueda volcarse prioritariamente a solucionar los problemas de la Argentina. Ser\u00e1 un objetivo prioritario el extender y asegurar la conectividad en todo el territorio nacional, como base fundamental del desarrollo. Se promover\u00e1n las modificaciones al plexo legal existente para su adecuaci\u00f3n a las necesidades de la ciencia y la tecnolog\u00eda del Siglo XXI. A trav\u00e9s de un plan de mediano y largo plazo se promover\u00e1 la eficiencia energ\u00e9tica y la utilizaci\u00f3n de energ\u00edas renovables. En materia educativa se dar\u00e1 un impulso real a esta tem\u00e1tica, a trav\u00e9s de: Introducci\u00f3n a los alumnos en la doble riqueza de la cultura del hoy: el acervo de las humanidades que lo dignifican y orientan en su vida y desarrollan un esp\u00edritu cr\u00edtico frente a la cultura imperante, y en el STEM (Ciencia, tecnolog\u00eda, ingenier\u00eda y matem\u00e1ticas, con particular acento en el \u00e1rea tecnol\u00f3gica -como herramienta y como contenido-) que los prepare para la llamada 4ta. Revoluci\u00f3n Industrial o 4.0, en la que presurosamente se est\u00e1 introduciendo la sociedad.<\/p>\n<p>&nbsp;<\/p>\n<p><strong>PROBLEMATICAS:<\/strong> Planes de restauraci\u00f3n de canteras. Saneamiento, potabilizaci\u00f3n y reutilizaci\u00f3n de las aguas del arroyo. Basurales a cielo abierto. La presencia de perros callejeros.<\/p>\n<p>&nbsp;<\/p>\n<p><img data-recalc-dims=\"1\" loading=\"lazy\" decoding=\"async\" class=\"size-full wp-image-30058 aligncenter\" src=\"https:\/\/i0.wp.com\/cdnoticias.com\/wp-content\/uploads\/2021\/08\/gomez-centurion.jpg?resize=800%2C445&#038;ssl=1\" alt=\"\" width=\"800\" height=\"445\" srcset=\"https:\/\/i0.wp.com\/cdnoticias.com\/wp-content\/uploads\/2021\/08\/gomez-centurion.jpg?w=800&amp;ssl=1 800w, https:\/\/i0.wp.com\/cdnoticias.com\/wp-content\/uploads\/2021\/08\/gomez-centurion.jpg?resize=300%2C167&amp;ssl=1 300w, https:\/\/i0.wp.com\/cdnoticias.com\/wp-content\/uploads\/2021\/08\/gomez-centurion.jpg?resize=768%2C427&amp;ssl=1 768w\" sizes=\"auto, (max-width: 800px) 100vw, 800px\" \/><\/p>\n<p>&nbsp;<\/p>\n<p><strong>JUNTOS \u2013 Bruno Cenizo 1\u00ba precandidato a concejal<\/strong><\/p>\n<p>&nbsp;<\/p>\n<p><strong>IMPORTANCIA:<\/strong> La tem\u00e1tica ambiental se encuentra cada vez m\u00e1s presente y ocupa un lugar prioritario en nuestras propuestas legislativas. Tener un mirada hol\u00edstica y avanzar con propuestas que mejoren la calidad de vida de los ciudadanos del partido de Olavarr\u00eda es parte de nuestro objetivo. La legislaci\u00f3n en materia ambiental es fundamental para proteger, conservar y cuidar el entorno socioambiental, garantizar la explotaci\u00f3n y uso racional de los recursos naturales, regular las actividades antropog\u00e9nicas, garantizar una gesti\u00f3n ambiental y un desarrollo sustentable, castigar, sancionar y penalizar a los que impactan el ambiente. Hist\u00f3ricamente, las ciudades han sido lugares de oportunidad para las econom\u00edas, el empleo, mejores niveles de vida, etc. Han funcionado como motores del progreso social y del desarrollo econ\u00f3mico. En el contexto actual, siguen brindando las mismas y m\u00e1s oportunidades pero tambi\u00e9n comenzaron a surgir problemas relacionados al r\u00e1pido crecimiento. Consideramos que nuestra ciudad, es una ciudad en crecimiento, una ciudad intermedia y tenemos la oportunidad de guiar ese crecimiento de manera sostenible.<\/p>\n<p>&nbsp;<\/p>\n<p><strong>PROBLEM\u00c1TICAS:<\/strong> El agua, el saneamiento y gesti\u00f3n de efluentes cloacales, gesti\u00f3n de residuos, la energ\u00eda, calidad de aire, mitigaci\u00f3n del cambio clim\u00e1tico, ruido y vulnerabilidad ante desastres naturales en el contexto del cambio clim\u00e1tico son problemas que todas las ciudades de esta escala tienen como prioridad y sobre las cuales debemos enfocarnos y trabajar.<\/p>\n<p>&nbsp;<\/p>\n<p><img data-recalc-dims=\"1\" loading=\"lazy\" decoding=\"async\" class=\"size-full wp-image-7192 aligncenter\" src=\"https:\/\/i0.wp.com\/cdnoticias.com\/wp-content\/uploads\/2020\/11\/bruno-cenizo-HCD.jpg?resize=800%2C446&#038;ssl=1\" alt=\"\" width=\"800\" height=\"446\" srcset=\"https:\/\/i0.wp.com\/cdnoticias.com\/wp-content\/uploads\/2020\/11\/bruno-cenizo-HCD.jpg?w=800&amp;ssl=1 800w, https:\/\/i0.wp.com\/cdnoticias.com\/wp-content\/uploads\/2020\/11\/bruno-cenizo-HCD.jpg?resize=300%2C167&amp;ssl=1 300w, https:\/\/i0.wp.com\/cdnoticias.com\/wp-content\/uploads\/2020\/11\/bruno-cenizo-HCD.jpg?resize=768%2C428&amp;ssl=1 768w\" sizes=\"auto, (max-width: 800px) 100vw, 800px\" \/><\/p>\n<p>&nbsp;<\/p>\n<p><strong>Partido Republicano Federal \u2013 Alan Aguirre \u2013 1\u00ba precandidato a concejal<\/strong><\/p>\n<p>&nbsp;<\/p>\n<p><strong>IMPORTANCIA:<\/strong> El contexto actual de crisis econ\u00f3mica y social demanda que, como partido pol\u00edtico, busquemos atender las problem\u00e1ticas primeras de nuestra comunidad olavarriense y la dif\u00edcil realidad que est\u00e1n atravesando. En nuestra agenda las propuestas medioambientales est\u00e1n enmarcadas en la necesidad de trabajo, educaci\u00f3n, servicios de limpieza y recolecci\u00f3n bien realizados, recolecci\u00f3n de desechos inform\u00e1ticos y tecnolog\u00eda obsoletas as\u00ed como pilas y elementos contaminantes y el cuidado del medioambiente y la ecolog\u00eda, siempre considerando el aumento de la pobreza y la marginalidad social como una realidad abrumadora frente a otras tem\u00e1ticas.<\/p>\n<p>&nbsp;<\/p>\n<p><strong>PROBLEMATICAS:<\/strong> El aumento de los basurales a cielo abierto, la falta de un servicio de limpieza bien ejecutado y con una equitativa distribuci\u00f3n, ya que los barrios c\u00e9ntricos cuentan con una frecuente recolecci\u00f3n mientras que en otros barrios no se realizan. Emanaciones y desechos de las plantas industriales que contaminan nuestras napas y suelos as\u00ed como la falta de cloacas, que es un problema de urbanizaci\u00f3n e inversi\u00f3n en este tipo de obras.<\/p>\n<p>&nbsp;<\/p>\n<p><img data-recalc-dims=\"1\" loading=\"lazy\" decoding=\"async\" class=\"size-large wp-image-30538 aligncenter\" src=\"https:\/\/i0.wp.com\/cdnoticias.com\/wp-content\/uploads\/2021\/08\/alan-aguirre3.jpg?resize=800%2C445&#038;ssl=1\" alt=\"\" width=\"800\" height=\"445\" srcset=\"https:\/\/i0.wp.com\/cdnoticias.com\/wp-content\/uploads\/2021\/08\/alan-aguirre3.jpg?resize=1024%2C570&amp;ssl=1 1024w, https:\/\/i0.wp.com\/cdnoticias.com\/wp-content\/uploads\/2021\/08\/alan-aguirre3.jpg?resize=300%2C167&amp;ssl=1 300w, https:\/\/i0.wp.com\/cdnoticias.com\/wp-content\/uploads\/2021\/08\/alan-aguirre3.jpg?resize=768%2C427&amp;ssl=1 768w, https:\/\/i0.wp.com\/cdnoticias.com\/wp-content\/uploads\/2021\/08\/alan-aguirre3.jpg?resize=800%2C445&amp;ssl=1 800w, https:\/\/i0.wp.com\/cdnoticias.com\/wp-content\/uploads\/2021\/08\/alan-aguirre3.jpg?w=1600&amp;ssl=1 1600w, https:\/\/i0.wp.com\/cdnoticias.com\/wp-content\/uploads\/2021\/08\/alan-aguirre3.jpg?w=2400&amp;ssl=1 2400w\" sizes=\"auto, (max-width: 800px) 100vw, 800px\" \/><\/p>\n<p>&nbsp;<\/p>\n<p><strong>TODOS \u2013 Maximiliano Wesner 1\u00ba precandidato a concejal<\/strong><\/p>\n<p>&nbsp;<\/p>\n<p><strong>IMPORTANCIA:<\/strong> Es fundamental que desde nuestro Municipio se proyecten y ejecuten pol\u00edticas p\u00fablicas concretas y eficaces para promover y apoyar el cuidado del ambiente. De este modo se podr\u00eda contribuir a cumplir con el objetivo planteado en la \u00faltima Cumbre de L\u00edderes sobre el Clima (22 de abril de 2021) donde el presidente Alberto Fern\u00e1ndez asumi\u00f3 el compromiso de desarrollar el 30% de la matriz energ\u00e9tica nacional con energ\u00edas renovables, con el \u00e9nfasis puesto en reforzar las metas ambientales y el desarrollo sostenible para poder alcanzar \u201cla carbono neutralidad de Argentina a 2050\u201d.<\/p>\n<p>&nbsp;<\/p>\n<p><strong>PROBLEMATICAS:<\/strong> En las diferentes recorridas hemos podido relevar problem\u00e1ticas referidas al cuidado del ambiente tales como la recolecci\u00f3n de residuos (separaci\u00f3n diferencia para todos); basurales a cielo abierto en los caminos rurales; falta de un plan de forestaci\u00f3n urbano para frentistas y para los espacios verdes del Partido; falta de un programa municipal de educaci\u00f3n ambiental para instituciones intermedias; la no separaci\u00f3n en origen de grandes generadores de residuos (hipermercados, supermercados, f\u00e1bricas, bancos, bares, restaurantes, cl\u00ednicas, hospitales, comedores escolares); la falta de un programa municipal de incentivo fiscal para lograr transici\u00f3n hacia la generaci\u00f3n distribuida de energ\u00edas renovables de grandes consumidores, como tambi\u00e9n de los hogares de nuestro Partido y la ausencia de un programa municipal permanente de recolecci\u00f3n y tratamiento de basura electr\u00f3nica y derivados.<\/p>\n<p>&nbsp;<\/p>\n<p><img data-recalc-dims=\"1\" loading=\"lazy\" decoding=\"async\" class=\"size-full wp-image-30528 aligncenter\" src=\"https:\/\/i0.wp.com\/cdnoticias.com\/wp-content\/uploads\/2021\/08\/stolbizer-ucr-01.jpg?resize=800%2C446&#038;ssl=1\" alt=\"\" width=\"800\" height=\"446\" srcset=\"https:\/\/i0.wp.com\/cdnoticias.com\/wp-content\/uploads\/2021\/08\/stolbizer-ucr-01.jpg?w=808&amp;ssl=1 808w, https:\/\/i0.wp.com\/cdnoticias.com\/wp-content\/uploads\/2021\/08\/stolbizer-ucr-01.jpg?resize=300%2C167&amp;ssl=1 300w, https:\/\/i0.wp.com\/cdnoticias.com\/wp-content\/uploads\/2021\/08\/stolbizer-ucr-01.jpg?resize=768%2C428&amp;ssl=1 768w, https:\/\/i0.wp.com\/cdnoticias.com\/wp-content\/uploads\/2021\/08\/stolbizer-ucr-01.jpg?resize=800%2C445&amp;ssl=1 800w\" sizes=\"auto, (max-width: 800px) 100vw, 800px\" \/><\/p>\n<p>&nbsp;<\/p>\n<p><strong>UCR \/ Dar el Paso \u2013 Bel\u00e9n Vergel 1\u00b0 precandidata a concejal<\/strong><\/p>\n<p>&nbsp;<\/p>\n<p><strong>IMPORTANCIA:<\/strong> El cuerpo legal referente a la protecci\u00f3n ambiental en la provincia de Buenos Aires, posee una gran variedad de legislaci\u00f3n tendiente a la protecci\u00f3n de los tres espacios ambientales (atmosfera, suelo y aguas). Todo enmarcado en la ley de presupuestos m\u00ednimos Nacional de protecci\u00f3n del ambiente 25675\/02 para el logro de una gesti\u00f3n sustentable y adecuada del ambiente, la preservaci\u00f3n y protecci\u00f3n de la diversidad biol\u00f3gica y la implementaci\u00f3n del desarrollo sustentable. Tambi\u00e9n hay legislaci\u00f3n producto de acuerdo internacional a los cuales ha adherido nuestro pa\u00eds. Dentro de nuestra propuesta legislativa municipal, esta tem\u00e1tica estar\u00e1 presente basada en estos presupuestos m\u00ednimos convencidos que hay que dar una participaci\u00f3n ciudadana real, mediante campa\u00f1as de difusi\u00f3n de cuidados de los recursos esenciales como son el agua, la energ\u00eda bajo todas las formas que a diario usamos, el cuidado de espacios comunes que diariamente compartimos (plazas, servicios comunales, respeto a la biodiversidad),adem\u00e1s de fomentar la participaci\u00f3n de las instituciones intermedias en los estudios y an\u00e1lisis para valuaci\u00f3n de los impactos ambientales de proyectos importantes a radicarse en el partido de Olavarr\u00eda. Propiciaremos adem\u00e1s proyectos tendientes a la integraci\u00f3n de la diversidad de g\u00e9nero en el \u00e1mbito social para una mayor inclusi\u00f3n social y desarrollo de capacidades individuales y colectivas.<\/p>\n<p>&nbsp;<\/p>\n<p><strong>PROBLEMATICAS:<\/strong> Una de las problem\u00e1tica que nos preocupa es la falta de remediaci\u00f3n de los espacios mineros en nuestra zona serrana, basta con mirar las sierras de Olavarr\u00eda mediante una aplicaci\u00f3n de internet para corroborar esto, entre todos deberemos resolver qu\u00e9 camino seguir a futuro respecto a los pasivos ambientales de nuestras sierras para que nuestro desarrollo en torno a los recursos mineros sea sustentable. Otra tiene que ver con la cantidad de nuevos basurales que se han generado en la ciudad.<\/p>\n","protected":false},"excerpt":{"rendered":"<p>El Polo de Ingenier\u00eda en energ\u00edas renovables y tecnolog\u00edas ambientales elabor\u00f3 un informe sobre las propuestas de los distintos espacios<\/p>\n","protected":false},"author":5,"featured_media":31990,"comment_status":"closed","ping_status":"closed","sticky":false,"template":"","format":"standard","meta":{"_jetpack_memberships_contains_paid_content":false,"footnotes":""},"categories":[4,1],"tags":[],"class_list":["post-31989","post","type-post","status-publish","format-standard","has-post-thumbnail","hentry","category-politica","category-portada"],"jetpack_featured_media_url":"https:\/\/i0.wp.com\/cdnoticias.com\/wp-content\/uploads\/2021\/09\/PASO_2021_-_PORTADA.jpg?fit=550%2C550&ssl=1","jetpack_sharing_enabled":true,"_links":{"self":[{"href":"https:\/\/cdnoticias.com\/index.php\/wp-json\/wp\/v2\/posts\/31989","targetHints":{"allow":["GET"]}}],"collection":[{"href":"https:\/\/cdnoticias.com\/index.php\/wp-json\/wp\/v2\/posts"}],"about":[{"href":"https:\/\/cdnoticias.com\/index.php\/wp-json\/wp\/v2\/types\/post"}],"author":[{"embeddable":true,"href":"https:\/\/cdnoticias.com\/index.php\/wp-json\/wp\/v2\/users\/5"}],"replies":[{"embeddable":true,"href":"https:\/\/cdnoticias.com\/index.php\/wp-json\/wp\/v2\/comments?post=31989"}],"version-history":[{"count":0,"href":"https:\/\/cdnoticias.com\/index.php\/wp-json\/wp\/v2\/posts\/31989\/revisions"}],"wp:featuredmedia":[{"embeddable":true,"href":"https:\/\/cdnoticias.com\/index.php\/wp-json\/wp\/v2\/media\/31990"}],"wp:attachment":[{"href":"https:\/\/cdnoticias.com\/index.php\/wp-json\/wp\/v2\/media?parent=31989"}],"wp:term":[{"taxonomy":"category","embeddable":true,"href":"https:\/\/cdnoticias.com\/index.php\/wp-json\/wp\/v2\/categories?post=31989"},{"taxonomy":"post_tag","embeddable":true,"href":"https:\/\/cdnoticias.com\/index.php\/wp-json\/wp\/v2\/tags?post=31989"}],"curies":[{"name":"wp","href":"https:\/\/api.w.org\/{rel}","templated":true}]}}