{"id":31984,"date":"2021-09-06T19:47:39","date_gmt":"2021-09-06T22:47:39","guid":{"rendered":"http:\/\/www.centraldenoticias.com.ar\/?p=31984"},"modified":"2021-09-06T19:47:39","modified_gmt":"2021-09-06T22:47:39","slug":"que-habria-pasado-si-la-pandemia-llegaba-antes-de-que-tuvieramos-internet","status":"publish","type":"post","link":"https:\/\/cdnoticias.com\/index.php\/2021\/09\/06\/que-habria-pasado-si-la-pandemia-llegaba-antes-de-que-tuvieramos-internet\/","title":{"rendered":"\u00bfQu\u00e9 habr\u00eda pasado si la pandemia llegaba antes de que tuvi\u00e9ramos internet?"},"content":{"rendered":"<p>Esa es la pregunta que ser\u00e1 abordada en una conferencia virtual organizada desde la Facultad de Ciencias Sociales y Punto Digital. Los detalles.<!--more--><\/p>\n<hr \/>\n<p><strong>Este martes 7 de septiembre desde las 18:30<\/strong> se llevar\u00e1 a cabo una conferencia que estar\u00e1 a cargo del periodista especializado en divulgaci\u00f3n cient\u00edfica y tecnol\u00f3gica, Ariel Torres. <strong>Es organizada la Facultad de Ciencias Sociales y Punto Digital.<\/strong><\/p>\n<p>&nbsp;<\/p>\n<p>La misma se llama <strong>\u201c\u00bfQu\u00e9 habr\u00eda pasado si la pandemia llegaba antes de que tuvi\u00e9ramos internet?\u201d<\/strong> y est\u00e1 destinada a docentes y estudiantes de todos los niveles, a integrantes de equipos de trabajo social y espacios socioeducativos, a miembros de organizaciones gubernamentales y a p\u00fablico en general.<\/p>\n<p>&nbsp;<\/p>\n<blockquote><p>Para inscribirse y seguir la conferencia que se ofrecer\u00e1 a trav\u00e9s de la plataforma virtual Meet se deber\u00e1 completar el formulario disponible <a href=\"https:\/\/docs.google.com\/forms\/d\/e\/1FAIpQLSdhHvDmM3-pbVda4XnJHqhgs25EO16w747WsD81oWGUUDFZvg\/viewform\" target=\"_blank\" rel=\"noopener\">aqu\u00ed<\/a>.<\/p><\/blockquote>\n<p>&nbsp;<\/p>\n<p>En la conferencia el periodista Ariel Torres reflexionar\u00e1 sobre el actual contexto de pandemia por el Covid-19 y sobre qu\u00e9 hubiese sucedido si no existir\u00eda internet. <strong>Se tratar\u00e1 de una reflexi\u00f3n que permitir\u00e1 mirar el presente pero tambi\u00e9n el futuro tecnosocial.<\/strong><\/p>\n<p>&nbsp;<\/p>\n<p><strong>Torres es un reconocido periodista especializado en divulgaci\u00f3n cient\u00edfica y tecnol\u00f3gica<\/strong>. Se desempe\u00f1a desde 1994 como columnista y editor del suplemento de inform\u00e1tica de diario La Naci\u00f3n. La actividad ser\u00e1 moderada por el Magister Sergio Magallanes, director del Observatorio de Redes Sociales de la Facultad de Ciencias Sociales. Organizan el Observatorio de Redes Sociales y la c\u00e1tedra \u201cUsos sociales de la tecnolog\u00edas\u201d de FACSO UNICEN y el Punto Digital de la Municipalidad de Olavarr\u00eda.<\/p>\n","protected":false},"excerpt":{"rendered":"<p>Esa es la pregunta que ser\u00e1 abordada en una conferencia virtual organizada desde la Facultad de Ciencias Sociales y Punto<\/p>\n","protected":false},"author":3,"featured_media":31985,"comment_status":"closed","ping_status":"closed","sticky":false,"template":"","format":"standard","meta":{"_jetpack_memberships_contains_paid_content":false,"footnotes":""},"categories":[5],"tags":[],"class_list":["post-31984","post","type-post","status-publish","format-standard","has-post-thumbnail","hentry","category-informacion-general"],"jetpack_featured_media_url":"https:\/\/i0.wp.com\/cdnoticias.com\/wp-content\/uploads\/2021\/09\/conferencia.jpg?fit=800%2C445&ssl=1","jetpack_sharing_enabled":true,"_links":{"self":[{"href":"https:\/\/cdnoticias.com\/index.php\/wp-json\/wp\/v2\/posts\/31984","targetHints":{"allow":["GET"]}}],"collection":[{"href":"https:\/\/cdnoticias.com\/index.php\/wp-json\/wp\/v2\/posts"}],"about":[{"href":"https:\/\/cdnoticias.com\/index.php\/wp-json\/wp\/v2\/types\/post"}],"author":[{"embeddable":true,"href":"https:\/\/cdnoticias.com\/index.php\/wp-json\/wp\/v2\/users\/3"}],"replies":[{"embeddable":true,"href":"https:\/\/cdnoticias.com\/index.php\/wp-json\/wp\/v2\/comments?post=31984"}],"version-history":[{"count":0,"href":"https:\/\/cdnoticias.com\/index.php\/wp-json\/wp\/v2\/posts\/31984\/revisions"}],"wp:featuredmedia":[{"embeddable":true,"href":"https:\/\/cdnoticias.com\/index.php\/wp-json\/wp\/v2\/media\/31985"}],"wp:attachment":[{"href":"https:\/\/cdnoticias.com\/index.php\/wp-json\/wp\/v2\/media?parent=31984"}],"wp:term":[{"taxonomy":"category","embeddable":true,"href":"https:\/\/cdnoticias.com\/index.php\/wp-json\/wp\/v2\/categories?post=31984"},{"taxonomy":"post_tag","embeddable":true,"href":"https:\/\/cdnoticias.com\/index.php\/wp-json\/wp\/v2\/tags?post=31984"}],"curies":[{"name":"wp","href":"https:\/\/api.w.org\/{rel}","templated":true}]}}