{"id":31982,"date":"2021-09-06T18:37:01","date_gmt":"2021-09-06T21:37:01","guid":{"rendered":"http:\/\/www.centraldenoticias.com.ar\/?p=31982"},"modified":"2021-09-06T18:37:01","modified_gmt":"2021-09-06T21:37:01","slug":"blanca-haydee-cura-viuda-de-munoz-q-e-p-d","status":"publish","type":"post","link":"https:\/\/cdnoticias.com\/index.php\/2021\/09\/06\/blanca-haydee-cura-viuda-de-munoz-q-e-p-d\/","title":{"rendered":"Blanca Haydee Cura viuda de Mu\u00f1oz (Q.E.P.D.)"},"content":{"rendered":"<p>Falleci\u00f3 en Olavarr\u00eda el d\u00eda\u00a0 6\u00a0 de Septiembre\u00a0 de 2021 a los\u00a0 86\u00a0 a\u00f1os de edad.<\/p>\n<p>&nbsp;<\/p>\n<p>Su hija Mar\u00eda Rosa Mu\u00f1oz; su hijo pol\u00edtico Pablo Nicol\u00e1s Natale; sus nietos: M\u00f3nica In\u00e9s, Pablo El\u00edas y Nicol\u00e1s Natale; sus nietos pol\u00edticos: Diego, Cecilia y Noelia; su hermana Nelly Mabel Cura; sus bisnietas: Luna, Agustina, Guadalupe y dem\u00e1s deudos participan su fallecimiento.<\/p>\n<p>&nbsp;<\/p>\n<p>No se realiza velatorio ni responso. Sus restos ser\u00e1n inhumados en el Cementerio Loma de Paz este martes desde las 9:30. Servicio adherido a Coopelectric.<\/p>\n<p>&nbsp;<\/p>\n<p>Vecina del Microcentro. Jubilada y Pensionada<\/p>\n","protected":false},"excerpt":{"rendered":"<p>Falleci\u00f3 en Olavarr\u00eda el d\u00eda\u00a0 6\u00a0 de Septiembre\u00a0 de 2021 a los\u00a0 86\u00a0 a\u00f1os de edad. &nbsp; Su hija Mar\u00eda<\/p>\n","protected":false},"author":3,"featured_media":0,"comment_status":"closed","ping_status":"closed","sticky":false,"template":"","format":"standard","meta":{"_jetpack_memberships_contains_paid_content":false,"footnotes":""},"categories":[10],"tags":[],"class_list":["post-31982","post","type-post","status-publish","format-standard","hentry","category-necrologicas"],"jetpack_featured_media_url":"","jetpack_sharing_enabled":true,"_links":{"self":[{"href":"https:\/\/cdnoticias.com\/index.php\/wp-json\/wp\/v2\/posts\/31982","targetHints":{"allow":["GET"]}}],"collection":[{"href":"https:\/\/cdnoticias.com\/index.php\/wp-json\/wp\/v2\/posts"}],"about":[{"href":"https:\/\/cdnoticias.com\/index.php\/wp-json\/wp\/v2\/types\/post"}],"author":[{"embeddable":true,"href":"https:\/\/cdnoticias.com\/index.php\/wp-json\/wp\/v2\/users\/3"}],"replies":[{"embeddable":true,"href":"https:\/\/cdnoticias.com\/index.php\/wp-json\/wp\/v2\/comments?post=31982"}],"version-history":[{"count":0,"href":"https:\/\/cdnoticias.com\/index.php\/wp-json\/wp\/v2\/posts\/31982\/revisions"}],"wp:attachment":[{"href":"https:\/\/cdnoticias.com\/index.php\/wp-json\/wp\/v2\/media?parent=31982"}],"wp:term":[{"taxonomy":"category","embeddable":true,"href":"https:\/\/cdnoticias.com\/index.php\/wp-json\/wp\/v2\/categories?post=31982"},{"taxonomy":"post_tag","embeddable":true,"href":"https:\/\/cdnoticias.com\/index.php\/wp-json\/wp\/v2\/tags?post=31982"}],"curies":[{"name":"wp","href":"https:\/\/api.w.org\/{rel}","templated":true}]}}