{"id":3197,"date":"2020-10-05T09:58:37","date_gmt":"2020-10-05T12:58:37","guid":{"rendered":"http:\/\/www.centraldenoticias.com.ar\/?p=3197"},"modified":"2020-10-05T13:10:33","modified_gmt":"2020-10-05T16:10:33","slug":"fallecio-un-paciente-que-estaba-internado-en-el-hospital-con-covid-19","status":"publish","type":"post","link":"https:\/\/cdnoticias.com\/index.php\/2020\/10\/05\/fallecio-un-paciente-que-estaba-internado-en-el-hospital-con-covid-19\/","title":{"rendered":"Falleci\u00f3 un paciente que estaba internado en el Hospital con Covid-19"},"content":{"rendered":"<p>La persona fallecida es un hombre de 62 a\u00f1os que estaba internado desde hace una semana. Ascendi\u00f3 a 39 el n\u00famero de decesos por la pandemia en Olavarr\u00eda.<!--more--><\/p>\n<hr \/>\n<p>La Secretar\u00eda de Salud del Gobierno Municipal inform\u00f3 que en la ma\u00f1ana de este lunes falleci\u00f3 un paciente que hab\u00eda resultado positivo para Covid-19.<\/p>\n<p>Se detall\u00f3 sobre la persona fallecida que es \u201cun paciente de sexo masculino de 62 a\u00f1os que estaba internado en la Unidad de Terapia Intensiva del Hospital Municipal `Dr. H\u00e9ctor Cura\u00b4 desde hace una semana y presentaba varias comorbilidades previas\u201d.<\/p>\n<p>De esta manera, ascendi\u00f3 a 39 la cantidad de personas fallecidas con diagn\u00f3stico de Covid-19 en Olavarr\u00eda.<\/p>\n<p>\u201cEl intendente Ezequiel Galli y la Municipalidad de Olavarr\u00eda env\u00edan condolencias a los familiares y amigos de la persona fallecida\u201d se indic\u00f3.<\/p>\n<p>El \u00faltimo informe sanitario expuso que <a href=\"https:\/\/cdnoticias.com\/index.php\/2020\/10\/03\/emergencia-sanitaria-43-nuevos-casos-de-covid-y-53-altas\/\" target=\"_blank\" rel=\"noopener\">hab\u00eda 269 personas infectadas<\/a>. Cabe recordar que el domingo no se realizaron testeos debido a que se realizaron tareas de mantenimiento en el Laboratorio de Biolog\u00eda Molecular del Hospital.<\/p>\n","protected":false},"excerpt":{"rendered":"<p>La persona fallecida es un hombre de 62 a\u00f1os que estaba internado desde hace una semana. Ascendi\u00f3 a 39 el<\/p>\n","protected":false},"author":4,"featured_media":1001,"comment_status":"closed","ping_status":"closed","sticky":false,"template":"","format":"standard","meta":{"_jetpack_memberships_contains_paid_content":false,"footnotes":""},"categories":[5,1],"tags":[],"class_list":["post-3197","post","type-post","status-publish","format-standard","has-post-thumbnail","hentry","category-informacion-general","category-portada"],"jetpack_featured_media_url":"https:\/\/i0.wp.com\/cdnoticias.com\/wp-content\/uploads\/2020\/09\/HospitalMunicipal02.jpg?fit=4608%2C3072&ssl=1","jetpack_sharing_enabled":true,"_links":{"self":[{"href":"https:\/\/cdnoticias.com\/index.php\/wp-json\/wp\/v2\/posts\/3197","targetHints":{"allow":["GET"]}}],"collection":[{"href":"https:\/\/cdnoticias.com\/index.php\/wp-json\/wp\/v2\/posts"}],"about":[{"href":"https:\/\/cdnoticias.com\/index.php\/wp-json\/wp\/v2\/types\/post"}],"author":[{"embeddable":true,"href":"https:\/\/cdnoticias.com\/index.php\/wp-json\/wp\/v2\/users\/4"}],"replies":[{"embeddable":true,"href":"https:\/\/cdnoticias.com\/index.php\/wp-json\/wp\/v2\/comments?post=3197"}],"version-history":[{"count":0,"href":"https:\/\/cdnoticias.com\/index.php\/wp-json\/wp\/v2\/posts\/3197\/revisions"}],"wp:featuredmedia":[{"embeddable":true,"href":"https:\/\/cdnoticias.com\/index.php\/wp-json\/wp\/v2\/media\/1001"}],"wp:attachment":[{"href":"https:\/\/cdnoticias.com\/index.php\/wp-json\/wp\/v2\/media?parent=3197"}],"wp:term":[{"taxonomy":"category","embeddable":true,"href":"https:\/\/cdnoticias.com\/index.php\/wp-json\/wp\/v2\/categories?post=3197"},{"taxonomy":"post_tag","embeddable":true,"href":"https:\/\/cdnoticias.com\/index.php\/wp-json\/wp\/v2\/tags?post=3197"}],"curies":[{"name":"wp","href":"https:\/\/api.w.org\/{rel}","templated":true}]}}