{"id":31959,"date":"2021-09-06T20:33:31","date_gmt":"2021-09-06T23:33:31","guid":{"rendered":"http:\/\/www.centraldenoticias.com.ar\/?p=31959"},"modified":"2021-09-07T15:53:16","modified_gmt":"2021-09-07T18:53:16","slug":"covid-la-credencial-mi-argentina-sera-el-documento-oficial-para-viajes-al-exterior","status":"publish","type":"post","link":"https:\/\/cdnoticias.com\/index.php\/2021\/09\/06\/covid-la-credencial-mi-argentina-sera-el-documento-oficial-para-viajes-al-exterior\/","title":{"rendered":"Covid: la credencial Mi Argentina ser\u00e1 el documento oficial para viajes al exterior"},"content":{"rendered":"<div class=\"td_block_wrap tdb_single_subtitle tdi_72 td-pb-border-top td_block_template_1\" data-td-block-uid=\"tdi_72\">\n<div class=\"tdb-block-inner td-fix-index\">\n<p>Fue confirmado por el Ministerio de Salud. El Gobierno inici\u00f3 los pedidos para que sea aprobada en todo el mundo.<\/p>\n<\/div>\n<\/div>\n<p><!--more--><\/p>\n<hr \/>\n<p>&nbsp;<\/p>\n<p>La<strong> credencial digital de vacunaci\u00f3n Mi Argentina ser\u00e1 a partir de este lunes<\/strong>, el <strong>documento oficial de viaje que acredita la vacunaci\u00f3n contra el Covid-19<\/strong> <strong>en el pa\u00eds<\/strong>, por lo que <strong>el Gobierno solicit\u00f3 que sea reconocida como acreditaci\u00f3n<\/strong> de la <strong>inmunizaci\u00f3n contra el coronavirus<\/strong> en todo el mundo.<\/p>\n<p>&nbsp;<\/p>\n<div class=\"td_block_wrap tdb_single_date tdi_73 td-pb-border-top td_block_template_1 tdb-post-meta\" data-td-block-uid=\"tdi_73\">\n<p>\u201c<strong>El carnet digital est\u00e1 disponible tanto en espa\u00f1ol como en ingl\u00e9s<\/strong> con el objetivo de ser <strong>presentado en el exterior<\/strong> por aquellas personas que deban <strong>desplazarse entre pa\u00edses<\/strong>\u201d, detall\u00f3 el <strong>Ministerio de Salud.<\/strong><\/p>\n<p>&nbsp;<\/p>\n<p>Para que esto suceda, <strong>el tr\u00e1mite formal fue iniciado por el Ministerio de Relaciones Exteriores, Comercio Internacional y Culto<\/strong> mediante una circular enviada a consulados y embajadas argentinas en el exterior.<\/p>\n<\/div>\n<p>&nbsp;<\/p>\n<p>\u201cEn simult\u00e1neo, <strong>se requiri\u00f3 que los dem\u00e1s pa\u00edses informen cu\u00e1les son sus modelos de credencial de vacunaci\u00f3n<\/strong> en pos de avanzar en la <strong>verificaci\u00f3n de la documentaci\u00f3n<\/strong> de las y los viajeros que<strong> deseen ingresar a la Argentina<\/strong>\u201d, agreg\u00f3.<\/p>\n<p>&nbsp;<\/p>\n<p>La <strong>iniciativa fue desarrollada por la Secretar\u00eda de Innovaci\u00f3n P\u00fablica de la Jefatura de Gabinete de Ministros y presentada en julio pasado<\/strong>. Tras un t<strong>rabajo en conjunto<\/strong> con el <strong>Ministerio de Salud<\/strong> de la Naci\u00f3n, la <strong>Direcci\u00f3n de Migraciones<\/strong>; la <strong>Administraci\u00f3n Nacional de Aviaci\u00f3n Civil<\/strong> (ANAC) y el <strong>Ministerio de Relaciones Exteriores, Comercio Internacional y Culto<\/strong> sobre su implementaci\u00f3n como <strong>documento oficial<\/strong>, se desarroll\u00f3 el <strong>carnet digital biling\u00fce con un c\u00f3digo QR<\/strong> que remite al <strong>sitio oficial<\/strong> de la cartera sanitaria nacional, donde se accede a la <strong>informaci\u00f3n respaldatoria de la vacunaci\u00f3n contra el Covid-19.<\/strong><\/p>\n<p>&nbsp;<\/p>\n<p>La <strong>credencial de vacunaci\u00f3n digital de la aplicaci\u00f3n Mi Argentina est\u00e1 disponible para todas aquellas personas que se hayan vacunado<\/strong>, ya que se genera a partir de los <strong>datos cargados en el Registro Federal de Vacunaci\u00f3n Nominalizado<\/strong> (Nomivac). El mismo incluye <strong>el nombre de la vacuna, lote, dosis y lugar de aplicaci\u00f3n.\u00a0<\/strong>En cuanto a los <strong>menores de edad<\/strong>, las <strong>vacunas aplicadas ser\u00e1n incluidas en la app de los padres.\u00a0<\/strong><\/p>\n<p>&nbsp;<\/p>\n<p>Ante la variabilidad de exigencias de los pa\u00edses para viajes internacionales, y considerando que la <strong>Organizaci\u00f3n Mundial de la Salud (OMS) a\u00fan no se pronunci\u00f3 sobre una certificaci\u00f3n de alcance global<\/strong>, <strong>se recomienda a las personas que viajen al exterior consultar las medidas sanitarias vigentes y la documentaci\u00f3n de viaje requerida por el pa\u00eds de destino.<\/strong> Adem\u00e1s, <strong>se sugiere conservar la documentaci\u00f3n f\u00edsica<\/strong> entregada por las autoridades de salud al momento de recibir las dosis de vacunas para poder complementar y\/o acreditar su vacunaci\u00f3n si fuera solicitado.<\/p>\n<p>&nbsp;<\/p>\n<p><strong>Mi Argentina<\/strong> es el <strong>perfil digital ciudadano para gestionar tr\u00e1mites, sacar turnos, acceder a credenciales y recibir informaci\u00f3n personalizada.<\/strong> Actualmente cuenta con <strong>m\u00e1s de 10 millones de personas usuarias<\/strong> y adem\u00e1s de la <strong>credencial de vacunaci\u00f3n<\/strong> -que se encuentra en la secci\u00f3n <strong>mis documentos<\/strong>-, la ciudadan\u00eda puede <strong>vincular a la app su DNI digital, registro de conducir, seguro automotor, c\u00e9dula verde y azul, credencial de ART, constancia de CUIL, el s\u00edmbolo internacional de acceso para personas con discapacidad, el Certificado Turismo y la credencial del Registro del Programa de Cannabis (Reprocann)<\/strong>, entre otros <strong>documentos oficiales.<\/strong><\/p>\n<p>&nbsp;<\/p>\n<p>&nbsp;<\/p>\n<p><em>Fuente: DIB\u00a0<\/em><\/p>\n<p>&nbsp;<\/p>\n<div class=\"td_block_wrap tdb_single_date tdi_73 td-pb-border-top td_block_template_1 tdb-post-meta\" data-td-block-uid=\"tdi_73\">\n<p>&nbsp;<\/p>\n<div class=\"teads-inread sm-screen\">\n<div>\n<div class=\"teads-ui-components-adchoices\"><\/div>\n<\/div>\n<\/div>\n<\/div>\n","protected":false},"excerpt":{"rendered":"<p>Fue confirmado por el Ministerio de Salud. El Gobierno inici\u00f3 los pedidos para que sea aprobada en todo el mundo.<\/p>\n","protected":false},"author":6,"featured_media":31960,"comment_status":"closed","ping_status":"closed","sticky":false,"template":"","format":"standard","meta":{"_jetpack_memberships_contains_paid_content":false,"footnotes":""},"categories":[6,1],"tags":[],"class_list":["post-31959","post","type-post","status-publish","format-standard","has-post-thumbnail","hentry","category-nacionales","category-portada"],"jetpack_featured_media_url":"https:\/\/i0.wp.com\/cdnoticias.com\/wp-content\/uploads\/2021\/09\/certificado-vacunacion.png?fit=1920%2C1080&ssl=1","jetpack_sharing_enabled":true,"_links":{"self":[{"href":"https:\/\/cdnoticias.com\/index.php\/wp-json\/wp\/v2\/posts\/31959","targetHints":{"allow":["GET"]}}],"collection":[{"href":"https:\/\/cdnoticias.com\/index.php\/wp-json\/wp\/v2\/posts"}],"about":[{"href":"https:\/\/cdnoticias.com\/index.php\/wp-json\/wp\/v2\/types\/post"}],"author":[{"embeddable":true,"href":"https:\/\/cdnoticias.com\/index.php\/wp-json\/wp\/v2\/users\/6"}],"replies":[{"embeddable":true,"href":"https:\/\/cdnoticias.com\/index.php\/wp-json\/wp\/v2\/comments?post=31959"}],"version-history":[{"count":0,"href":"https:\/\/cdnoticias.com\/index.php\/wp-json\/wp\/v2\/posts\/31959\/revisions"}],"wp:featuredmedia":[{"embeddable":true,"href":"https:\/\/cdnoticias.com\/index.php\/wp-json\/wp\/v2\/media\/31960"}],"wp:attachment":[{"href":"https:\/\/cdnoticias.com\/index.php\/wp-json\/wp\/v2\/media?parent=31959"}],"wp:term":[{"taxonomy":"category","embeddable":true,"href":"https:\/\/cdnoticias.com\/index.php\/wp-json\/wp\/v2\/categories?post=31959"},{"taxonomy":"post_tag","embeddable":true,"href":"https:\/\/cdnoticias.com\/index.php\/wp-json\/wp\/v2\/tags?post=31959"}],"curies":[{"name":"wp","href":"https:\/\/api.w.org\/{rel}","templated":true}]}}