{"id":31920,"date":"2021-09-06T10:37:17","date_gmt":"2021-09-06T13:37:17","guid":{"rendered":"http:\/\/www.centraldenoticias.com.ar\/?p=31920"},"modified":"2021-09-06T13:18:29","modified_gmt":"2021-09-06T16:18:29","slug":"siguen-los-abigeatos-y-los-productores-rurales-se-movilizan-en-demanda-de-seguridad","status":"publish","type":"post","link":"https:\/\/cdnoticias.com\/index.php\/2021\/09\/06\/siguen-los-abigeatos-y-los-productores-rurales-se-movilizan-en-demanda-de-seguridad\/","title":{"rendered":"Siguen los abigeatos y los productores rurales se movilizan en demanda de seguridad"},"content":{"rendered":"<p>Habr\u00e1 una reuni\u00f3n este jueves organizada por productores de ruta 226 y Espigas. Estimaron que unos 30 animales fueron carneados en esa zona desde principio de a\u00f1o.<!--more--><\/p>\n<hr \/>\n<p><strong>Los abigeatos no se detienen en Olavarr\u00eda, de hecho el viernes volvi\u00f3 a denunciarse otro caso en la zona de Blanca Chica<\/strong>. En ese marco, ya desde la semana pasada y ante la reiteraci\u00f3n de il\u00edcitos de este tipo, <strong>los productores rurales hab\u00edan adelantado que se organizaba un nuevo encuentro con autoridades policiales y judiciales<\/strong>.<\/p>\n<p>&nbsp;<\/p>\n<blockquote><p>Se concretar\u00e1 el jueves a las 14 horas en un campo de Olavarr\u00eda y all\u00ed se reunir\u00e1n los productores de la localidad de Espigas, as\u00ed como quienes trabajan y producen en campos de ruta 226 entre los kil\u00f3metros 319 y 340.<\/p><\/blockquote>\n<p>&nbsp;<\/p>\n<p>Esta zona ha sido especialmente afectada por el accionar de los abigeos, entre los \u00faltimos hechos que se conocieron hace dos semanas se perdieron <a href=\"https:\/\/cdnoticias.com\/index.php\/2021\/08\/23\/cinco-animales-carneados-otro-abigeato-en-la-zona-de-226\/\" target=\"_blank\" rel=\"noopener\">cinco animales en un establecimiento rural del kil\u00f3metro 322 de la ruta nacional<\/a>.<\/p>\n<p>&nbsp;<\/p>\n<blockquote><p>Se estim\u00f3 que en total, unos 30 animales fueron carneados en esa zona desde principio de a\u00f1o.<\/p><\/blockquote>\n<p>&nbsp;<\/p>\n<p>En la reuni\u00f3n estar\u00e1n los productores quienes dialogar\u00e1n con <strong>autoridades municipales, de Polic\u00eda y del Ministerio P\u00fablico<\/strong>.<\/p>\n<p>&nbsp;<\/p>\n<p>\u201cEs una preocupaci\u00f3n porque vemos que <strong>no tenemos una soluci\u00f3n a corto plazo<\/strong> con el tema recursos y el tema personal\u201d enfatiz\u00f3 <strong>el productor rural Pablo Gonz\u00e1lez<\/strong>, integrante del Consejo de Seguridad municipal y quien tambi\u00e9n se desempe\u00f1a en la zona afectada sobre ruta 226.<\/p>\n<p>&nbsp;<\/p>\n<p>Indic\u00f3 que el jueves se har\u00e1 una reuni\u00f3n de la<strong> \u201cmesa de trabajo\u201d<\/strong> que trabaja desde hace a\u00f1os en el tema y destac\u00f3 que, ante la problem\u00e1tica, \u201c<strong>la mesa agropecuaria se sigue agrandando, m\u00e1s productores quieren participar<\/strong>. Con la pandemia tenemos que ser muy cuidadosos, porque as\u00ed lo requieren los protocolos y tenemos que ser respetuosos de eso\u201d.<\/p>\n<p>&nbsp;<\/p>\n<p>A su vez, se dej\u00f3 saber que el tema de la inseguridad rural es habitual en las reuniones del Consejo de Seguridad Municipal donde se analiza la distribuci\u00f3n de la <strong>Tasa de Seguridad Ciudadana<\/strong> que percibe el Municipio y se destina a<strong> pago de combustibles y reparaciones de los m\u00f3viles policiales<\/strong> del distrito. En ese punto, Gonz\u00e1lez se\u00f1al\u00f3 que <strong>desde la Provincia \u201cpr\u00e1cticamente no llega nada\u201d <\/strong>en materia de recursos para las dependencias policiales.<\/p>\n<p>&nbsp;<\/p>\n<p>Tambi\u00e9n se record\u00f3 que en los primeros meses de a\u00f1o,<strong> funcionarios del Ministerio de Seguridad provincial estuvieron en Olavarr\u00eda<\/strong>, incluso el propio <a href=\"https:\/\/cdnoticias.com\/index.php\/2021\/06\/30\/berni-se-reunio-con-referentes-de-la-sociedad-rural-el-pedido-urgente-en-lo-inmediato-es-personal-policial\/\" target=\"_blank\" rel=\"noopener\">ministro Sergio Berni<\/a>, y mantuvieron encuentros con integrantes de la Sociedad Rural de Olavarr\u00eda por el mismo tema. Los abigeatos continuaron a pesar de las expresiones y gestiones realizadas.<\/p>\n","protected":false},"excerpt":{"rendered":"<p>Habr\u00e1 una reuni\u00f3n este jueves organizada por productores de ruta 226 y Espigas. Estimaron que unos 30 animales fueron carneados<\/p>\n","protected":false},"author":4,"featured_media":20731,"comment_status":"closed","ping_status":"closed","sticky":false,"template":"","format":"standard","meta":{"_jetpack_memberships_contains_paid_content":false,"footnotes":""},"categories":[5,1],"tags":[],"class_list":["post-31920","post","type-post","status-publish","format-standard","has-post-thumbnail","hentry","category-informacion-general","category-portada"],"jetpack_featured_media_url":"https:\/\/i0.wp.com\/cdnoticias.com\/wp-content\/uploads\/2021\/05\/abigeato02.jpg?fit=800%2C445&ssl=1","jetpack_sharing_enabled":true,"_links":{"self":[{"href":"https:\/\/cdnoticias.com\/index.php\/wp-json\/wp\/v2\/posts\/31920","targetHints":{"allow":["GET"]}}],"collection":[{"href":"https:\/\/cdnoticias.com\/index.php\/wp-json\/wp\/v2\/posts"}],"about":[{"href":"https:\/\/cdnoticias.com\/index.php\/wp-json\/wp\/v2\/types\/post"}],"author":[{"embeddable":true,"href":"https:\/\/cdnoticias.com\/index.php\/wp-json\/wp\/v2\/users\/4"}],"replies":[{"embeddable":true,"href":"https:\/\/cdnoticias.com\/index.php\/wp-json\/wp\/v2\/comments?post=31920"}],"version-history":[{"count":0,"href":"https:\/\/cdnoticias.com\/index.php\/wp-json\/wp\/v2\/posts\/31920\/revisions"}],"wp:featuredmedia":[{"embeddable":true,"href":"https:\/\/cdnoticias.com\/index.php\/wp-json\/wp\/v2\/media\/20731"}],"wp:attachment":[{"href":"https:\/\/cdnoticias.com\/index.php\/wp-json\/wp\/v2\/media?parent=31920"}],"wp:term":[{"taxonomy":"category","embeddable":true,"href":"https:\/\/cdnoticias.com\/index.php\/wp-json\/wp\/v2\/categories?post=31920"},{"taxonomy":"post_tag","embeddable":true,"href":"https:\/\/cdnoticias.com\/index.php\/wp-json\/wp\/v2\/tags?post=31920"}],"curies":[{"name":"wp","href":"https:\/\/api.w.org\/{rel}","templated":true}]}}