{"id":3190,"date":"2020-10-05T08:54:39","date_gmt":"2020-10-05T11:54:39","guid":{"rendered":"http:\/\/www.centraldenoticias.com.ar\/?p=3190"},"modified":"2020-10-05T08:54:39","modified_gmt":"2020-10-05T11:54:39","slug":"paritarias-reunion-entre-la-provincia-y-los-estatales","status":"publish","type":"post","link":"https:\/\/cdnoticias.com\/index.php\/2020\/10\/05\/paritarias-reunion-entre-la-provincia-y-los-estatales\/","title":{"rendered":"Paritarias: reuni\u00f3n entre la Provincia y los estatales"},"content":{"rendered":"<p>El gobierno bonaerense recibir\u00e1 de forma virtual a los sindicatos que representan a los trabajadores estatales en b\u00fasqueda de un acuerdo paritario. Se espera una mejora de la oferta realizada la semana pasada.<!--more--><\/p>\n<hr \/>\n<p><strong>El Gobierno bonaerense recibir\u00e1 este lunes a los sindicatos que representan a gremios que representan a los trabajadores estatales<\/strong> con el objetivo de arribar a un acuerdo de incremento salarial. Los gremios esperan por \u201cuna oferta mejor\u201d a la planteada en el encuentro anterior.<\/p>\n<p>&nbsp;<\/p>\n<blockquote><p>Por tercera semana consecutiva, el Ejecutivo provincial recibir\u00e1 a los gremios estatales. La reuni\u00f3n ser\u00e1 en formato virtual a partir de las 16 horas.<\/p><\/blockquote>\n<p>&nbsp;<\/p>\n<p>El gobierno de Axel Kicillof retom\u00f3 las negociaciones con los estatales el pasado 23 de septiembre, en un c\u00f3nclave en el que no hubo oferta. Las partes volvieron a reunirse seis d\u00edas despu\u00e9s y all\u00ed <strong>los gremios rechazaron una propuesta que conten\u00eda un aumento del 10% promedio al salario de bolsillo a partir de septiembre; y un incremento en las asignaciones familiares, en tramos y montos, del 30%.<\/strong><\/p>\n<p>&nbsp;<\/p>\n<p>Desde UPCN se\u00f1alaron que <strong>en este nuevo encuentro esperan \u201cuna oferta mejor\u201d<\/strong> y algunos otros puntos que vienen reclamando. Un punto a tener en cuenta es que avisaron que <strong>el cierre de la paritaria no depender\u00e1 solamente del porcentaje salarial propuesto por la gesti\u00f3n bonaerense.<\/strong><\/p>\n<p>&nbsp;<\/p>\n<p>Por otro lado, tras rechazar una oferta la semana pasada,<strong> los docentes tambi\u00e9n esperan por una convocatoria. La idea del Gobierno es que el encuentro con los maestros sea esta misma semana.<\/strong><\/p>\n<p>&nbsp;<\/p>\n<p><em>Con informaci\u00f3n de DIB<\/em><\/p>\n","protected":false},"excerpt":{"rendered":"<p>El gobierno bonaerense recibir\u00e1 de forma virtual a los sindicatos que representan a los trabajadores estatales en b\u00fasqueda de un<\/p>\n","protected":false},"author":2,"featured_media":3191,"comment_status":"closed","ping_status":"closed","sticky":false,"template":"","format":"standard","meta":{"_jetpack_memberships_contains_paid_content":false,"footnotes":""},"categories":[6,1],"tags":[],"class_list":["post-3190","post","type-post","status-publish","format-standard","has-post-thumbnail","hentry","category-nacionales","category-portada"],"jetpack_featured_media_url":"https:\/\/i0.wp.com\/cdnoticias.com\/wp-content\/uploads\/2020\/10\/Paritarias-bonaerenses.jpg?fit=971%2C564&ssl=1","jetpack_sharing_enabled":true,"_links":{"self":[{"href":"https:\/\/cdnoticias.com\/index.php\/wp-json\/wp\/v2\/posts\/3190","targetHints":{"allow":["GET"]}}],"collection":[{"href":"https:\/\/cdnoticias.com\/index.php\/wp-json\/wp\/v2\/posts"}],"about":[{"href":"https:\/\/cdnoticias.com\/index.php\/wp-json\/wp\/v2\/types\/post"}],"author":[{"embeddable":true,"href":"https:\/\/cdnoticias.com\/index.php\/wp-json\/wp\/v2\/users\/2"}],"replies":[{"embeddable":true,"href":"https:\/\/cdnoticias.com\/index.php\/wp-json\/wp\/v2\/comments?post=3190"}],"version-history":[{"count":0,"href":"https:\/\/cdnoticias.com\/index.php\/wp-json\/wp\/v2\/posts\/3190\/revisions"}],"wp:featuredmedia":[{"embeddable":true,"href":"https:\/\/cdnoticias.com\/index.php\/wp-json\/wp\/v2\/media\/3191"}],"wp:attachment":[{"href":"https:\/\/cdnoticias.com\/index.php\/wp-json\/wp\/v2\/media?parent=3190"}],"wp:term":[{"taxonomy":"category","embeddable":true,"href":"https:\/\/cdnoticias.com\/index.php\/wp-json\/wp\/v2\/categories?post=3190"},{"taxonomy":"post_tag","embeddable":true,"href":"https:\/\/cdnoticias.com\/index.php\/wp-json\/wp\/v2\/tags?post=3190"}],"curies":[{"name":"wp","href":"https:\/\/api.w.org\/{rel}","templated":true}]}}