{"id":3188,"date":"2020-10-05T08:46:02","date_gmt":"2020-10-05T11:46:02","guid":{"rendered":"http:\/\/www.centraldenoticias.com.ar\/?p=3188"},"modified":"2020-10-05T09:59:04","modified_gmt":"2020-10-05T12:59:04","slug":"olavarria-sigue-en-fase-4","status":"publish","type":"post","link":"https:\/\/cdnoticias.com\/index.php\/2020\/10\/05\/olavarria-sigue-en-fase-4\/","title":{"rendered":"Olavarr\u00eda sigue en Fase 4"},"content":{"rendered":"<p>Mediante la resoluci\u00f3n 2527, la Jefatura de Gabinete bonaerense dispuso que nuestro distrito contin\u00fae en el mismo lugar del sistema de fases bonaerense.<!--more--><\/p>\n<hr \/>\n<p><strong>Olavarr\u00eda continuar\u00e1 en la misma fase<\/strong> que hasta el momento en el marco del \u201cdistanciamiento social preventivo y obligatorio\u201d que estableci\u00f3 la Gobernaci\u00f3n. Lo dispuso la Jefatura de Gabinete de Ministros de la provincia de Buenos Aires <strong>mediante la resoluci\u00f3n 2527 publicada en el Bolet\u00edn Oficial<\/strong> de este lunes.<\/p>\n<p>De esta manera, nuestro distrito sigue en Fase 4, al igual que otros 74 municipios.<\/p>\n<p>En tanto, 44 distritos est\u00e1n en Fase 3 y 16, en Fase 5.<\/p>\n<p>A fines de agosto Olavarr\u00eda ingres\u00f3 en dicha fase y se ha mantenido sin cambios desde aquel momento a pesar del crecimiento de casos de coronavirus.<\/p>\n","protected":false},"excerpt":{"rendered":"<p>Mediante la resoluci\u00f3n 2527, la Jefatura de Gabinete bonaerense dispuso que nuestro distrito contin\u00fae en el mismo lugar del sistema<\/p>\n","protected":false},"author":4,"featured_media":2592,"comment_status":"closed","ping_status":"closed","sticky":false,"template":"","format":"standard","meta":{"_jetpack_memberships_contains_paid_content":false,"footnotes":""},"categories":[5,1],"tags":[],"class_list":["post-3188","post","type-post","status-publish","format-standard","has-post-thumbnail","hentry","category-informacion-general","category-portada"],"jetpack_featured_media_url":"https:\/\/i0.wp.com\/cdnoticias.com\/wp-content\/uploads\/2020\/09\/Olavarr%C3%ADa-Cartel-turismo.jpg?fit=1024%2C683&ssl=1","jetpack_sharing_enabled":true,"_links":{"self":[{"href":"https:\/\/cdnoticias.com\/index.php\/wp-json\/wp\/v2\/posts\/3188","targetHints":{"allow":["GET"]}}],"collection":[{"href":"https:\/\/cdnoticias.com\/index.php\/wp-json\/wp\/v2\/posts"}],"about":[{"href":"https:\/\/cdnoticias.com\/index.php\/wp-json\/wp\/v2\/types\/post"}],"author":[{"embeddable":true,"href":"https:\/\/cdnoticias.com\/index.php\/wp-json\/wp\/v2\/users\/4"}],"replies":[{"embeddable":true,"href":"https:\/\/cdnoticias.com\/index.php\/wp-json\/wp\/v2\/comments?post=3188"}],"version-history":[{"count":0,"href":"https:\/\/cdnoticias.com\/index.php\/wp-json\/wp\/v2\/posts\/3188\/revisions"}],"wp:featuredmedia":[{"embeddable":true,"href":"https:\/\/cdnoticias.com\/index.php\/wp-json\/wp\/v2\/media\/2592"}],"wp:attachment":[{"href":"https:\/\/cdnoticias.com\/index.php\/wp-json\/wp\/v2\/media?parent=3188"}],"wp:term":[{"taxonomy":"category","embeddable":true,"href":"https:\/\/cdnoticias.com\/index.php\/wp-json\/wp\/v2\/categories?post=3188"},{"taxonomy":"post_tag","embeddable":true,"href":"https:\/\/cdnoticias.com\/index.php\/wp-json\/wp\/v2\/tags?post=3188"}],"curies":[{"name":"wp","href":"https:\/\/api.w.org\/{rel}","templated":true}]}}