{"id":31875,"date":"2021-09-05T17:01:05","date_gmt":"2021-09-05T20:01:05","guid":{"rendered":"http:\/\/www.centraldenoticias.com.ar\/?p=31875"},"modified":"2021-09-05T17:27:47","modified_gmt":"2021-09-05T20:27:47","slug":"con-una-importante-convocatoria-se-llevo-adelante-mercado-olavarriense","status":"publish","type":"post","link":"https:\/\/cdnoticias.com\/index.php\/2021\/09\/05\/con-una-importante-convocatoria-se-llevo-adelante-mercado-olavarriense\/","title":{"rendered":"Con una importante convocatoria, se llev\u00f3 adelante \u201cMercado Olavarriense\u201d"},"content":{"rendered":"<p>Cientos de olavarrienses acudieron al Parque Helios Eseverri para recorrer las decenas de stands de este Programa impulsado por la Secretar\u00eda de Desarrollo Econ\u00f3mico.\u00a0<!--more--><\/p>\n<hr \/>\n<p>Este domingo, y ante un importante convocatoria de p\u00fablico que acudi\u00f3 a disfrutar del d\u00eda en el Parque Helios Eseverri,<strong> el Mercado Olavarriense se desarroll\u00f3 con m\u00faltiples ofertas de diversos rubros, con la particularidad de que todos son emprendedores de nuestra ciudad.<\/strong><\/p>\n<p>&nbsp;<\/p>\n<p><img data-recalc-dims=\"1\" loading=\"lazy\" decoding=\"async\" class=\"alignnone size-large wp-image-31878\" src=\"https:\/\/i0.wp.com\/cdnoticias.com\/wp-content\/uploads\/2021\/09\/WhatsApp-Image-2021-09-05-at-16.09.23-1.jpeg?resize=800%2C600&#038;ssl=1\" alt=\"\" width=\"800\" height=\"600\" srcset=\"https:\/\/i0.wp.com\/cdnoticias.com\/wp-content\/uploads\/2021\/09\/WhatsApp-Image-2021-09-05-at-16.09.23-1.jpeg?resize=1024%2C768&amp;ssl=1 1024w, https:\/\/i0.wp.com\/cdnoticias.com\/wp-content\/uploads\/2021\/09\/WhatsApp-Image-2021-09-05-at-16.09.23-1.jpeg?resize=300%2C225&amp;ssl=1 300w, https:\/\/i0.wp.com\/cdnoticias.com\/wp-content\/uploads\/2021\/09\/WhatsApp-Image-2021-09-05-at-16.09.23-1.jpeg?resize=768%2C576&amp;ssl=1 768w, https:\/\/i0.wp.com\/cdnoticias.com\/wp-content\/uploads\/2021\/09\/WhatsApp-Image-2021-09-05-at-16.09.23-1.jpeg?w=1599&amp;ssl=1 1599w\" sizes=\"auto, (max-width: 800px) 100vw, 800px\" \/><\/p>\n<p>&nbsp;<\/p>\n<p><img data-recalc-dims=\"1\" loading=\"lazy\" decoding=\"async\" class=\"alignnone size-large wp-image-31879\" src=\"https:\/\/i0.wp.com\/cdnoticias.com\/wp-content\/uploads\/2021\/09\/WhatsApp-Image-2021-09-05-at-16.09.23.jpeg?resize=800%2C600&#038;ssl=1\" alt=\"\" width=\"800\" height=\"600\" srcset=\"https:\/\/i0.wp.com\/cdnoticias.com\/wp-content\/uploads\/2021\/09\/WhatsApp-Image-2021-09-05-at-16.09.23.jpeg?resize=1024%2C768&amp;ssl=1 1024w, https:\/\/i0.wp.com\/cdnoticias.com\/wp-content\/uploads\/2021\/09\/WhatsApp-Image-2021-09-05-at-16.09.23.jpeg?resize=300%2C225&amp;ssl=1 300w, https:\/\/i0.wp.com\/cdnoticias.com\/wp-content\/uploads\/2021\/09\/WhatsApp-Image-2021-09-05-at-16.09.23.jpeg?resize=768%2C576&amp;ssl=1 768w, https:\/\/i0.wp.com\/cdnoticias.com\/wp-content\/uploads\/2021\/09\/WhatsApp-Image-2021-09-05-at-16.09.23.jpeg?w=1599&amp;ssl=1 1599w\" sizes=\"auto, (max-width: 800px) 100vw, 800px\" \/><\/p>\n<p>&nbsp;<\/p>\n<blockquote><p>Justamente, el objetivo de Mercado Olavarriense es \u201cmejorar la visualizaci\u00f3n y comunicaci\u00f3n de la oferta emprendedora local\u201d.<\/p><\/blockquote>\n<p>&nbsp;<\/p>\n<p>En este sentido,<strong> se pudo ver varias ofertas para los asistentes: desde venta de plantas, comidas, indumentaria, entre lo m\u00e1s destacado<\/strong>, muchos de los puestos se vieron con mucha gente y desde las 10 de la ma\u00f1ana la convocatoria fue &#8220;incesante&#8221;.<\/p>\n<p>&nbsp;<\/p>\n<p><img data-recalc-dims=\"1\" loading=\"lazy\" decoding=\"async\" class=\"alignnone size-large wp-image-31882\" src=\"https:\/\/i0.wp.com\/cdnoticias.com\/wp-content\/uploads\/2021\/09\/WhatsApp-Image-2021-09-05-at-16.09.22.jpeg?resize=800%2C600&#038;ssl=1\" alt=\"\" width=\"800\" height=\"600\" srcset=\"https:\/\/i0.wp.com\/cdnoticias.com\/wp-content\/uploads\/2021\/09\/WhatsApp-Image-2021-09-05-at-16.09.22.jpeg?resize=1024%2C768&amp;ssl=1 1024w, https:\/\/i0.wp.com\/cdnoticias.com\/wp-content\/uploads\/2021\/09\/WhatsApp-Image-2021-09-05-at-16.09.22.jpeg?resize=300%2C225&amp;ssl=1 300w, https:\/\/i0.wp.com\/cdnoticias.com\/wp-content\/uploads\/2021\/09\/WhatsApp-Image-2021-09-05-at-16.09.22.jpeg?resize=768%2C576&amp;ssl=1 768w, https:\/\/i0.wp.com\/cdnoticias.com\/wp-content\/uploads\/2021\/09\/WhatsApp-Image-2021-09-05-at-16.09.22.jpeg?w=1599&amp;ssl=1 1599w\" sizes=\"auto, (max-width: 800px) 100vw, 800px\" \/><\/p>\n<p>&nbsp;<\/p>\n<p><img data-recalc-dims=\"1\" loading=\"lazy\" decoding=\"async\" class=\"alignnone size-large wp-image-31881\" src=\"https:\/\/i0.wp.com\/cdnoticias.com\/wp-content\/uploads\/2021\/09\/WhatsApp-Image-2021-09-05-at-16.09.22-1.jpeg?resize=800%2C600&#038;ssl=1\" alt=\"\" width=\"800\" height=\"600\" srcset=\"https:\/\/i0.wp.com\/cdnoticias.com\/wp-content\/uploads\/2021\/09\/WhatsApp-Image-2021-09-05-at-16.09.22-1.jpeg?resize=1024%2C768&amp;ssl=1 1024w, https:\/\/i0.wp.com\/cdnoticias.com\/wp-content\/uploads\/2021\/09\/WhatsApp-Image-2021-09-05-at-16.09.22-1.jpeg?resize=300%2C225&amp;ssl=1 300w, https:\/\/i0.wp.com\/cdnoticias.com\/wp-content\/uploads\/2021\/09\/WhatsApp-Image-2021-09-05-at-16.09.22-1.jpeg?resize=768%2C576&amp;ssl=1 768w, https:\/\/i0.wp.com\/cdnoticias.com\/wp-content\/uploads\/2021\/09\/WhatsApp-Image-2021-09-05-at-16.09.22-1.jpeg?w=1599&amp;ssl=1 1599w\" sizes=\"auto, (max-width: 800px) 100vw, 800px\" \/><\/p>\n<p>&nbsp;<\/p>\n<p><strong>Algunos emprendedores catalogaron de \u201cmuy positiva\u201d la jornada<\/strong>, en la que hubo consultas, compra de mercader\u00eda, encargues para futuros trabajos y un puntapi\u00e9 para reactivar los sectores castigados durante la pandemia.<\/p>\n","protected":false},"excerpt":{"rendered":"<p>Cientos de olavarrienses acudieron al Parque Helios Eseverri para recorrer las decenas de stands de este Programa impulsado por la<\/p>\n","protected":false},"author":2,"featured_media":31876,"comment_status":"closed","ping_status":"closed","sticky":false,"template":"","format":"standard","meta":{"_jetpack_memberships_contains_paid_content":false,"footnotes":""},"categories":[5,1],"tags":[],"class_list":["post-31875","post","type-post","status-publish","format-standard","has-post-thumbnail","hentry","category-informacion-general","category-portada"],"jetpack_featured_media_url":"https:\/\/i0.wp.com\/cdnoticias.com\/wp-content\/uploads\/2021\/09\/WhatsApp-Image-2021-09-05-at-16.09.24-1.jpeg?fit=1599%2C1200&ssl=1","jetpack_sharing_enabled":true,"_links":{"self":[{"href":"https:\/\/cdnoticias.com\/index.php\/wp-json\/wp\/v2\/posts\/31875","targetHints":{"allow":["GET"]}}],"collection":[{"href":"https:\/\/cdnoticias.com\/index.php\/wp-json\/wp\/v2\/posts"}],"about":[{"href":"https:\/\/cdnoticias.com\/index.php\/wp-json\/wp\/v2\/types\/post"}],"author":[{"embeddable":true,"href":"https:\/\/cdnoticias.com\/index.php\/wp-json\/wp\/v2\/users\/2"}],"replies":[{"embeddable":true,"href":"https:\/\/cdnoticias.com\/index.php\/wp-json\/wp\/v2\/comments?post=31875"}],"version-history":[{"count":0,"href":"https:\/\/cdnoticias.com\/index.php\/wp-json\/wp\/v2\/posts\/31875\/revisions"}],"wp:featuredmedia":[{"embeddable":true,"href":"https:\/\/cdnoticias.com\/index.php\/wp-json\/wp\/v2\/media\/31876"}],"wp:attachment":[{"href":"https:\/\/cdnoticias.com\/index.php\/wp-json\/wp\/v2\/media?parent=31875"}],"wp:term":[{"taxonomy":"category","embeddable":true,"href":"https:\/\/cdnoticias.com\/index.php\/wp-json\/wp\/v2\/categories?post=31875"},{"taxonomy":"post_tag","embeddable":true,"href":"https:\/\/cdnoticias.com\/index.php\/wp-json\/wp\/v2\/tags?post=31875"}],"curies":[{"name":"wp","href":"https:\/\/api.w.org\/{rel}","templated":true}]}}