{"id":31867,"date":"2021-09-05T12:07:02","date_gmt":"2021-09-05T15:07:02","guid":{"rendered":"http:\/\/www.centraldenoticias.com.ar\/?p=31867"},"modified":"2021-09-05T12:07:02","modified_gmt":"2021-09-05T15:07:02","slug":"precandidatos-de-dar-el-paso-fueron-recibidos-en-el-club-el-fortin","status":"publish","type":"post","link":"https:\/\/cdnoticias.com\/index.php\/2021\/09\/05\/precandidatos-de-dar-el-paso-fueron-recibidos-en-el-club-el-fortin\/","title":{"rendered":"Precandidatos de \u201cDar el Paso\u201d fueron recibidos en el Club El Fort\u00edn"},"content":{"rendered":"<p>El eje estuvo en analizar y explicar el proyecto de \u201cfortalecimiento de clubes e instituciones deportivas\u201d.\u00a0<!--more--><\/p>\n<hr \/>\n<p>Los <strong>precandidatos de la lista del radicalismo<\/strong> Bel\u00e9n Vergel, Sebasti\u00e1n Matrella y el ex Presidente de Estudiantes Ricardo Hoffmann<strong> fueron recibidos por la Comisi\u00f3n Directiva de El Fort\u00edn<\/strong>, encabezados por su Presidente Carlos Veneciano en una nueva recorrida de campa\u00f1a de \u201cDar el Paso\u201d.<\/p>\n<p>&nbsp;<\/p>\n<blockquote><p>El eje central del encuentro fue analizar y explicar en detalle el proyecto presentado por el radicalismo en el Concejo Deliberante que busca el fortalecimiento de clubes e instituciones deportivas.<\/p><\/blockquote>\n<p>&nbsp;<\/p>\n<p>La propuesta consiste en lograr que <strong>el Estado municipal brinde una ayuda econ\u00f3mica a los clubes e instituciones deportivas a partir de un porcentaje de lo recaudado por el cobro de multas e infracciones y que les permita <em>\u201caliviar la dif\u00edcil situaci\u00f3n financiera que est\u00e1n atravesando\u201d.<\/em><\/strong><\/p>\n<p>&nbsp;<\/p>\n<p>Hubo una buena recepci\u00f3n del proyecto por parte de los directivos de El Fort\u00edn, quienes destacaron la importancia de que pueda salir aprobado para que <em>\u201cbrinde un acompa\u00f1amiento a todas las instituciones deportivas de la ciudad\u201d.<\/em> El encuentro tambi\u00e9n sirvi\u00f3 para que Veneciano brinde detalles de la situaci\u00f3n actual de la instituci\u00f3n, y el rol clave que tiene para un amplio sector de nuestra ciudad, no s\u00f3lo en cuanto a lo deportivo, sino tambi\u00e9n por la labor social y de contenci\u00f3n que actualmente cumple.<\/p>\n<p>&nbsp;<\/p>\n<p><img data-recalc-dims=\"1\" loading=\"lazy\" decoding=\"async\" class=\"alignnone size-large wp-image-31869\" src=\"https:\/\/i0.wp.com\/cdnoticias.com\/wp-content\/uploads\/2021\/09\/IMG_20210902_200857.jpg?resize=800%2C600&#038;ssl=1\" alt=\"\" width=\"800\" height=\"600\" srcset=\"https:\/\/i0.wp.com\/cdnoticias.com\/wp-content\/uploads\/2021\/09\/IMG_20210902_200857.jpg?resize=1024%2C768&amp;ssl=1 1024w, https:\/\/i0.wp.com\/cdnoticias.com\/wp-content\/uploads\/2021\/09\/IMG_20210902_200857.jpg?resize=300%2C225&amp;ssl=1 300w, https:\/\/i0.wp.com\/cdnoticias.com\/wp-content\/uploads\/2021\/09\/IMG_20210902_200857.jpg?resize=768%2C576&amp;ssl=1 768w, https:\/\/i0.wp.com\/cdnoticias.com\/wp-content\/uploads\/2021\/09\/IMG_20210902_200857.jpg?w=1600&amp;ssl=1 1600w, https:\/\/i0.wp.com\/cdnoticias.com\/wp-content\/uploads\/2021\/09\/IMG_20210902_200857.jpg?w=2400&amp;ssl=1 2400w\" sizes=\"auto, (max-width: 800px) 100vw, 800px\" \/><\/p>\n<p>&nbsp;<\/p>\n<p><em>\u201cCon este proyecto queremos lograr que los clubes sientan que hay un Estado que los acompa\u00f1a, que entiende el rol clave que cumplen en nuestra comunidad. Seguiremos manteniendo este tipo de encuentros para lograr un fuerte acompa\u00f1amiento y que este proyecto se convierta en una realidad\u201d<\/em> indic\u00f3 Vergel.<\/p>\n","protected":false},"excerpt":{"rendered":"<p>El eje estuvo en analizar y explicar el proyecto de \u201cfortalecimiento de clubes e instituciones deportivas\u201d.\u00a0<\/p>\n","protected":false},"author":2,"featured_media":31868,"comment_status":"closed","ping_status":"closed","sticky":false,"template":"","format":"standard","meta":{"_jetpack_memberships_contains_paid_content":false,"footnotes":""},"categories":[4,1],"tags":[],"class_list":["post-31867","post","type-post","status-publish","format-standard","has-post-thumbnail","hentry","category-politica","category-portada"],"jetpack_featured_media_url":"https:\/\/i0.wp.com\/cdnoticias.com\/wp-content\/uploads\/2021\/09\/IMG_20210902_200104.jpg?fit=4000%2C3000&ssl=1","jetpack_sharing_enabled":true,"_links":{"self":[{"href":"https:\/\/cdnoticias.com\/index.php\/wp-json\/wp\/v2\/posts\/31867","targetHints":{"allow":["GET"]}}],"collection":[{"href":"https:\/\/cdnoticias.com\/index.php\/wp-json\/wp\/v2\/posts"}],"about":[{"href":"https:\/\/cdnoticias.com\/index.php\/wp-json\/wp\/v2\/types\/post"}],"author":[{"embeddable":true,"href":"https:\/\/cdnoticias.com\/index.php\/wp-json\/wp\/v2\/users\/2"}],"replies":[{"embeddable":true,"href":"https:\/\/cdnoticias.com\/index.php\/wp-json\/wp\/v2\/comments?post=31867"}],"version-history":[{"count":0,"href":"https:\/\/cdnoticias.com\/index.php\/wp-json\/wp\/v2\/posts\/31867\/revisions"}],"wp:featuredmedia":[{"embeddable":true,"href":"https:\/\/cdnoticias.com\/index.php\/wp-json\/wp\/v2\/media\/31868"}],"wp:attachment":[{"href":"https:\/\/cdnoticias.com\/index.php\/wp-json\/wp\/v2\/media?parent=31867"}],"wp:term":[{"taxonomy":"category","embeddable":true,"href":"https:\/\/cdnoticias.com\/index.php\/wp-json\/wp\/v2\/categories?post=31867"},{"taxonomy":"post_tag","embeddable":true,"href":"https:\/\/cdnoticias.com\/index.php\/wp-json\/wp\/v2\/tags?post=31867"}],"curies":[{"name":"wp","href":"https:\/\/api.w.org\/{rel}","templated":true}]}}