{"id":31826,"date":"2021-09-05T10:16:26","date_gmt":"2021-09-05T13:16:26","guid":{"rendered":"http:\/\/www.centraldenoticias.com.ar\/?p=31826"},"modified":"2021-09-05T10:16:26","modified_gmt":"2021-09-05T13:16:26","slug":"a-partir-de-este-lunes-se-amplia-el-servicio-de-transporte-publico","status":"publish","type":"post","link":"https:\/\/cdnoticias.com\/index.php\/2021\/09\/05\/a-partir-de-este-lunes-se-amplia-el-servicio-de-transporte-publico\/","title":{"rendered":"A partir de este lunes, se ampl\u00eda el servicio de transporte p\u00fablico"},"content":{"rendered":"<p>Habr\u00e1 mayor cobertura horaria y prestaci\u00f3n de servicio los domingos y feriados tanto en el transporte urbano como en el interurbano.<!--more--><\/p>\n<hr \/>\n<p>A partir del pr\u00f3ximo lunes, y tras las nuevas aperturas de actividades, desde la Municipalidad del Partido de Olavarr\u00eda se inform\u00f3 que habr\u00e1 <strong>mayor cobertura horaria en el transporte p\u00fablico de pasajeros, tanto en el urbano como en el interurbano.<\/strong><\/p>\n<p>&nbsp;<\/p>\n<p>Adem\u00e1s, ambos servicios comenzar\u00e1n a prestar <strong>servicio nuevamente los domingos y feriados.<\/strong><\/p>\n<p>&nbsp;<\/p>\n<p>Desde la Secretar\u00eda de Gobierno informaron que, en el <strong>plano urbano, los micros girar\u00e1n desde las 6:00hs hasta las 22:30hs y las frecuencias se achicar\u00e1n de 15 a 25 minutos, seg\u00fan la l\u00ednea correspondiente.<\/strong><\/p>\n<p>&nbsp;<\/p>\n<p>En lo que respecta al<strong> transporte interurbano<\/strong>, desde la Subsecretar\u00eda de Gobierno comunicaron que desde el pr\u00f3ximo lunes se prestar\u00e1 el servicio en los siguientes horarios:<\/p>\n<p>&nbsp;<\/p>\n<p><img data-recalc-dims=\"1\" loading=\"lazy\" decoding=\"async\" class=\"alignnone size-full wp-image-31827\" src=\"https:\/\/i0.wp.com\/cdnoticias.com\/wp-content\/uploads\/2021\/09\/septiembre-480x358.jpg?resize=480%2C358&#038;ssl=1\" alt=\"\" width=\"480\" height=\"358\" srcset=\"https:\/\/i0.wp.com\/cdnoticias.com\/wp-content\/uploads\/2021\/09\/septiembre-480x358.jpg?resize=480%2C358&amp;ssl=1 480w, https:\/\/i0.wp.com\/cdnoticias.com\/wp-content\/uploads\/2021\/09\/septiembre-480x358.jpg?resize=300%2C224&amp;ssl=1 300w\" sizes=\"auto, (max-width: 480px) 100vw, 480px\" \/><\/p>\n","protected":false},"excerpt":{"rendered":"<p>Habr\u00e1 mayor cobertura horaria y prestaci\u00f3n de servicio los domingos y feriados tanto en el transporte urbano como en el<\/p>\n","protected":false},"author":5,"featured_media":1042,"comment_status":"closed","ping_status":"closed","sticky":false,"template":"","format":"standard","meta":{"_jetpack_memberships_contains_paid_content":false,"footnotes":""},"categories":[5,1],"tags":[],"class_list":["post-31826","post","type-post","status-publish","format-standard","has-post-thumbnail","hentry","category-informacion-general","category-portada"],"jetpack_featured_media_url":"https:\/\/i0.wp.com\/cdnoticias.com\/wp-content\/uploads\/2020\/09\/TuBus-1024x683.jpg?fit=1024%2C683&ssl=1","jetpack_sharing_enabled":true,"_links":{"self":[{"href":"https:\/\/cdnoticias.com\/index.php\/wp-json\/wp\/v2\/posts\/31826","targetHints":{"allow":["GET"]}}],"collection":[{"href":"https:\/\/cdnoticias.com\/index.php\/wp-json\/wp\/v2\/posts"}],"about":[{"href":"https:\/\/cdnoticias.com\/index.php\/wp-json\/wp\/v2\/types\/post"}],"author":[{"embeddable":true,"href":"https:\/\/cdnoticias.com\/index.php\/wp-json\/wp\/v2\/users\/5"}],"replies":[{"embeddable":true,"href":"https:\/\/cdnoticias.com\/index.php\/wp-json\/wp\/v2\/comments?post=31826"}],"version-history":[{"count":0,"href":"https:\/\/cdnoticias.com\/index.php\/wp-json\/wp\/v2\/posts\/31826\/revisions"}],"wp:featuredmedia":[{"embeddable":true,"href":"https:\/\/cdnoticias.com\/index.php\/wp-json\/wp\/v2\/media\/1042"}],"wp:attachment":[{"href":"https:\/\/cdnoticias.com\/index.php\/wp-json\/wp\/v2\/media?parent=31826"}],"wp:term":[{"taxonomy":"category","embeddable":true,"href":"https:\/\/cdnoticias.com\/index.php\/wp-json\/wp\/v2\/categories?post=31826"},{"taxonomy":"post_tag","embeddable":true,"href":"https:\/\/cdnoticias.com\/index.php\/wp-json\/wp\/v2\/tags?post=31826"}],"curies":[{"name":"wp","href":"https:\/\/api.w.org\/{rel}","templated":true}]}}