{"id":31817,"date":"2021-09-04T16:42:34","date_gmt":"2021-09-04T19:42:34","guid":{"rendered":"http:\/\/www.centraldenoticias.com.ar\/?p=31817"},"modified":"2021-09-04T17:43:28","modified_gmt":"2021-09-04T20:43:28","slug":"jornada-de-prevencion-se-entregaron-54-turnos-para-realizar-el-analisis-pap","status":"publish","type":"post","link":"https:\/\/cdnoticias.com\/index.php\/2021\/09\/04\/jornada-de-prevencion-se-entregaron-54-turnos-para-realizar-el-analisis-pap\/","title":{"rendered":"Jornada de prevenci\u00f3n: Se entregaron 54 turnos para realizar el an\u00e1lisis PAP"},"content":{"rendered":"<p>Este s\u00e1bado se realiz\u00f3 un abordaje territorial en le barrio Hip\u00f3lito Yrigoyen con el objetivo de concientizar respecto al c\u00e1ncer de cuello de \u00fatero.<!--more--><\/p>\n<hr \/>\n<p>Los directores del Hospital Provincial de Oncolog\u00eda encabezaron un <strong>abordaje territorial para prevenir el c\u00e1ncer de cuello de \u00fatero en el barrio Hip\u00f3lito Yrigoyen.<\/strong><\/p>\n<p>&nbsp;<\/p>\n<p>Junto a personal del Hospital de Oncolog\u00eda, Silvina Rosende y Mario D\u00edaz realizaron la primera campa\u00f1a de promoci\u00f3n y prevenci\u00f3n de c\u00e1ncer de cuello de \u00fatero a trav\u00e9s de relevamiento de<strong> encuestas y coordinaci\u00f3n de turnos para an\u00e1lisis PAP.<\/strong><\/p>\n<p>&nbsp;<\/p>\n<p>&nbsp;<\/p>\n<p><img data-recalc-dims=\"1\" loading=\"lazy\" decoding=\"async\" class=\"alignnone size-full wp-image-31820\" src=\"https:\/\/i0.wp.com\/cdnoticias.com\/wp-content\/uploads\/2021\/09\/WhatsApp-Image-2021-09-04-at-14.19.28-1.jpeg?resize=800%2C600&#038;ssl=1\" alt=\"\" width=\"800\" height=\"600\" srcset=\"https:\/\/i0.wp.com\/cdnoticias.com\/wp-content\/uploads\/2021\/09\/WhatsApp-Image-2021-09-04-at-14.19.28-1.jpeg?w=1280&amp;ssl=1 1280w, https:\/\/i0.wp.com\/cdnoticias.com\/wp-content\/uploads\/2021\/09\/WhatsApp-Image-2021-09-04-at-14.19.28-1.jpeg?resize=300%2C225&amp;ssl=1 300w, https:\/\/i0.wp.com\/cdnoticias.com\/wp-content\/uploads\/2021\/09\/WhatsApp-Image-2021-09-04-at-14.19.28-1.jpeg?resize=768%2C576&amp;ssl=1 768w, https:\/\/i0.wp.com\/cdnoticias.com\/wp-content\/uploads\/2021\/09\/WhatsApp-Image-2021-09-04-at-14.19.28-1.jpeg?resize=1024%2C768&amp;ssl=1 1024w\" sizes=\"auto, (max-width: 800px) 100vw, 800px\" \/><\/p>\n<p>En total<strong> recorrieron 8 manzanas del barrio Hip\u00f3lito Yrigoyen y se entregaron 54 turnos<\/strong> para realizar an\u00e1lisis PAP en el Hospital la semana pr\u00f3xima.<\/p>\n<p>&nbsp;<\/p>\n<p>En ese sentido, la directora del Hospital Oncol\u00f3gico, <strong>Silvina Rosende<\/strong>, indic\u00f3 que:<em> \u201cSe inicia una nueva etapa para el hospital de Oncolog\u00eda, cerca de la gente que nos necesita, una oportunidad de llevar salud a los hogares, en estos tiempos de pandemia priorizamos que las ciudadanas se realicen los controles ginec\u00f3logicos, en especial el Papanicolaou para prevenir el c\u00e1ncer de cuello uterino, que es el tercer tipo de c\u00e1ncer m\u00e1s com\u00fan en las mujeres\u201d.<\/em><\/p>\n<p>&nbsp;<\/p>\n<p><img data-recalc-dims=\"1\" loading=\"lazy\" decoding=\"async\" class=\"alignnone size-full wp-image-31819\" src=\"https:\/\/i0.wp.com\/cdnoticias.com\/wp-content\/uploads\/2021\/09\/WhatsApp-Image-2021-09-04-at-14.19.30.jpeg?resize=800%2C600&#038;ssl=1\" alt=\"\" width=\"800\" height=\"600\" srcset=\"https:\/\/i0.wp.com\/cdnoticias.com\/wp-content\/uploads\/2021\/09\/WhatsApp-Image-2021-09-04-at-14.19.30.jpeg?w=1600&amp;ssl=1 1600w, https:\/\/i0.wp.com\/cdnoticias.com\/wp-content\/uploads\/2021\/09\/WhatsApp-Image-2021-09-04-at-14.19.30.jpeg?resize=300%2C225&amp;ssl=1 300w, https:\/\/i0.wp.com\/cdnoticias.com\/wp-content\/uploads\/2021\/09\/WhatsApp-Image-2021-09-04-at-14.19.30.jpeg?resize=768%2C576&amp;ssl=1 768w, https:\/\/i0.wp.com\/cdnoticias.com\/wp-content\/uploads\/2021\/09\/WhatsApp-Image-2021-09-04-at-14.19.30.jpeg?resize=1024%2C768&amp;ssl=1 1024w\" sizes=\"auto, (max-width: 800px) 100vw, 800px\" \/><\/p>\n<p>El c\u00e1ncer de cuello uterino es el <strong>tercer tipo de c\u00e1ncer m\u00e1s com\u00fan en las mujeres y la tercera causa de muerte por c\u00e1ncer en mujeres entre 35 y 64 a\u00f1os.<\/strong> Detectado a tiempo es curable en el 93% de los casos. Se puede prevenir muy f\u00e1cilmente a trav\u00e9s de la realizaci\u00f3n del Papanicolau (PAP) peri\u00f3dicamente.<\/p>\n<p>&nbsp;<\/p>\n<p>En los pr\u00f3ximos d\u00edas se realizar\u00e1n <strong>abordajes territoriales de prevenci\u00f3n y promoci\u00f3n de la salud en diferentes barrios<\/strong> de nuestra comunidad para garantizar el derecho de acceso a la salud de todos nuestros vecinos y vecinas.<\/p>\n","protected":false},"excerpt":{"rendered":"<p>Este s\u00e1bado se realiz\u00f3 un abordaje territorial en le barrio Hip\u00f3lito Yrigoyen con el objetivo de concientizar respecto al c\u00e1ncer<\/p>\n","protected":false},"author":5,"featured_media":31821,"comment_status":"closed","ping_status":"closed","sticky":false,"template":"","format":"standard","meta":{"_jetpack_memberships_contains_paid_content":false,"footnotes":""},"categories":[5,1],"tags":[],"class_list":["post-31817","post","type-post","status-publish","format-standard","has-post-thumbnail","hentry","category-informacion-general","category-portada"],"jetpack_featured_media_url":"https:\/\/i0.wp.com\/cdnoticias.com\/wp-content\/uploads\/2021\/09\/WhatsApp-Image-2021-09-04-at-14.19.28.jpeg?fit=1556%2C875&ssl=1","jetpack_sharing_enabled":true,"_links":{"self":[{"href":"https:\/\/cdnoticias.com\/index.php\/wp-json\/wp\/v2\/posts\/31817","targetHints":{"allow":["GET"]}}],"collection":[{"href":"https:\/\/cdnoticias.com\/index.php\/wp-json\/wp\/v2\/posts"}],"about":[{"href":"https:\/\/cdnoticias.com\/index.php\/wp-json\/wp\/v2\/types\/post"}],"author":[{"embeddable":true,"href":"https:\/\/cdnoticias.com\/index.php\/wp-json\/wp\/v2\/users\/5"}],"replies":[{"embeddable":true,"href":"https:\/\/cdnoticias.com\/index.php\/wp-json\/wp\/v2\/comments?post=31817"}],"version-history":[{"count":0,"href":"https:\/\/cdnoticias.com\/index.php\/wp-json\/wp\/v2\/posts\/31817\/revisions"}],"wp:featuredmedia":[{"embeddable":true,"href":"https:\/\/cdnoticias.com\/index.php\/wp-json\/wp\/v2\/media\/31821"}],"wp:attachment":[{"href":"https:\/\/cdnoticias.com\/index.php\/wp-json\/wp\/v2\/media?parent=31817"}],"wp:term":[{"taxonomy":"category","embeddable":true,"href":"https:\/\/cdnoticias.com\/index.php\/wp-json\/wp\/v2\/categories?post=31817"},{"taxonomy":"post_tag","embeddable":true,"href":"https:\/\/cdnoticias.com\/index.php\/wp-json\/wp\/v2\/tags?post=31817"}],"curies":[{"name":"wp","href":"https:\/\/api.w.org\/{rel}","templated":true}]}}