{"id":31804,"date":"2021-09-04T15:16:54","date_gmt":"2021-09-04T18:16:54","guid":{"rendered":"http:\/\/www.centraldenoticias.com.ar\/?p=31804"},"modified":"2021-09-04T16:42:55","modified_gmt":"2021-09-04T19:42:55","slug":"aprehendieron-a-un-hombre-con-un-pedido-de-captura-activa","status":"publish","type":"post","link":"https:\/\/cdnoticias.com\/index.php\/2021\/09\/04\/aprehendieron-a-un-hombre-con-un-pedido-de-captura-activa\/","title":{"rendered":"Aprehendieron a un hombre con un pedido de captura activa"},"content":{"rendered":"<p>Tiene 45 a\u00f1os y fue capturado por personal policial.<!--more--><\/p>\n<hr \/>\n<p>Efectivos del Comando de Patrullas y de la comisar\u00eda Primera se movilizaron a ra\u00edz de un llamado de emergencia, a calle 120 y avenida Ituzaing\u00f3.<\/p>\n<p>&nbsp;<\/p>\n<p>En el lugar, <strong>identificaron a un hombre de 45 a\u00f1os que pose\u00eda un pedido de captura activa requerido por la UFI N\u00ba 7<\/strong> de Olavarr\u00eda.<\/p>\n<p>&nbsp;<\/p>\n<p>El hombre fue aprehendido y trasladado a la sede policial a disposici\u00f3n del magistrado interviniente.<\/p>\n","protected":false},"excerpt":{"rendered":"<p>Tiene 45 a\u00f1os y fue capturado por personal policial.<\/p>\n","protected":false},"author":5,"featured_media":31805,"comment_status":"closed","ping_status":"closed","sticky":false,"template":"","format":"standard","meta":{"_jetpack_memberships_contains_paid_content":false,"footnotes":""},"categories":[14,1],"tags":[],"class_list":["post-31804","post","type-post","status-publish","format-standard","has-post-thumbnail","hentry","category-policiales","category-portada"],"jetpack_featured_media_url":"https:\/\/i0.wp.com\/cdnoticias.com\/wp-content\/uploads\/2021\/09\/WhatsApp-Image-2021-09-04-at-13.44.32.jpeg?fit=1600%2C900&ssl=1","jetpack_sharing_enabled":true,"_links":{"self":[{"href":"https:\/\/cdnoticias.com\/index.php\/wp-json\/wp\/v2\/posts\/31804","targetHints":{"allow":["GET"]}}],"collection":[{"href":"https:\/\/cdnoticias.com\/index.php\/wp-json\/wp\/v2\/posts"}],"about":[{"href":"https:\/\/cdnoticias.com\/index.php\/wp-json\/wp\/v2\/types\/post"}],"author":[{"embeddable":true,"href":"https:\/\/cdnoticias.com\/index.php\/wp-json\/wp\/v2\/users\/5"}],"replies":[{"embeddable":true,"href":"https:\/\/cdnoticias.com\/index.php\/wp-json\/wp\/v2\/comments?post=31804"}],"version-history":[{"count":0,"href":"https:\/\/cdnoticias.com\/index.php\/wp-json\/wp\/v2\/posts\/31804\/revisions"}],"wp:featuredmedia":[{"embeddable":true,"href":"https:\/\/cdnoticias.com\/index.php\/wp-json\/wp\/v2\/media\/31805"}],"wp:attachment":[{"href":"https:\/\/cdnoticias.com\/index.php\/wp-json\/wp\/v2\/media?parent=31804"}],"wp:term":[{"taxonomy":"category","embeddable":true,"href":"https:\/\/cdnoticias.com\/index.php\/wp-json\/wp\/v2\/categories?post=31804"},{"taxonomy":"post_tag","embeddable":true,"href":"https:\/\/cdnoticias.com\/index.php\/wp-json\/wp\/v2\/tags?post=31804"}],"curies":[{"name":"wp","href":"https:\/\/api.w.org\/{rel}","templated":true}]}}