{"id":31802,"date":"2021-09-04T12:30:48","date_gmt":"2021-09-04T15:30:48","guid":{"rendered":"http:\/\/www.centraldenoticias.com.ar\/?p=31802"},"modified":"2021-09-04T12:30:48","modified_gmt":"2021-09-04T15:30:48","slug":"probabilidad-de-lluvias-y-tormentas-para-la-tarde-de-este-sabado","status":"publish","type":"post","link":"https:\/\/cdnoticias.com\/index.php\/2021\/09\/04\/probabilidad-de-lluvias-y-tormentas-para-la-tarde-de-este-sabado\/","title":{"rendered":"Probabilidad de lluvias y tormentas para la tarde de este s\u00e1bado"},"content":{"rendered":"<p>As\u00ed lo inform\u00f3 el Servicio Meteorol\u00f3gico Nacional. El domingo se prev\u00e9 un cielo mayormente nublado y una temperatura m\u00e1xima de 17\u00b0.<!--more--><\/p>\n<hr \/>\n<p>El Servicio Meteorol\u00f3gico Nacional anunci\u00f3<strong> probabilidad de lluvias y tormentas con actividad el\u00e9ctrica durante la tarde y lluvias aisladas durante la noche de este s\u00e1bado.<\/strong><\/p>\n<p>&nbsp;<\/p>\n<p>En tanto, las condiciones clim\u00e1ticas tender\u00e1n a mejorar hacia el domingo respecto a la probabilidad lluvias, con la presentaci\u00f3n de un <strong>cielo mayormente nublado<\/strong>, y una temperatura m\u00e1xima ubicada en los 17\u00b0.<\/p>\n<p>&nbsp;<\/p>\n<p>Por otra parte, en el inicio de la semana, los d\u00edas <strong>lunes, martes y mi\u00e9rcoles<\/strong> tambi\u00e9n presentan probabilidad de lluvias de variada intensidad.<\/p>\n","protected":false},"excerpt":{"rendered":"<p>As\u00ed lo inform\u00f3 el Servicio Meteorol\u00f3gico Nacional. El domingo se prev\u00e9 un cielo mayormente nublado y una temperatura m\u00e1xima de<\/p>\n","protected":false},"author":5,"featured_media":2463,"comment_status":"closed","ping_status":"closed","sticky":false,"template":"","format":"standard","meta":{"_jetpack_memberships_contains_paid_content":false,"footnotes":""},"categories":[5,1],"tags":[],"class_list":["post-31802","post","type-post","status-publish","format-standard","has-post-thumbnail","hentry","category-informacion-general","category-portada"],"jetpack_featured_media_url":"https:\/\/i0.wp.com\/cdnoticias.com\/wp-content\/uploads\/2020\/09\/WhatsApp-Image-2020-09-25-at-17.28.15.jpeg?fit=1280%2C785&ssl=1","jetpack_sharing_enabled":true,"_links":{"self":[{"href":"https:\/\/cdnoticias.com\/index.php\/wp-json\/wp\/v2\/posts\/31802","targetHints":{"allow":["GET"]}}],"collection":[{"href":"https:\/\/cdnoticias.com\/index.php\/wp-json\/wp\/v2\/posts"}],"about":[{"href":"https:\/\/cdnoticias.com\/index.php\/wp-json\/wp\/v2\/types\/post"}],"author":[{"embeddable":true,"href":"https:\/\/cdnoticias.com\/index.php\/wp-json\/wp\/v2\/users\/5"}],"replies":[{"embeddable":true,"href":"https:\/\/cdnoticias.com\/index.php\/wp-json\/wp\/v2\/comments?post=31802"}],"version-history":[{"count":0,"href":"https:\/\/cdnoticias.com\/index.php\/wp-json\/wp\/v2\/posts\/31802\/revisions"}],"wp:featuredmedia":[{"embeddable":true,"href":"https:\/\/cdnoticias.com\/index.php\/wp-json\/wp\/v2\/media\/2463"}],"wp:attachment":[{"href":"https:\/\/cdnoticias.com\/index.php\/wp-json\/wp\/v2\/media?parent=31802"}],"wp:term":[{"taxonomy":"category","embeddable":true,"href":"https:\/\/cdnoticias.com\/index.php\/wp-json\/wp\/v2\/categories?post=31802"},{"taxonomy":"post_tag","embeddable":true,"href":"https:\/\/cdnoticias.com\/index.php\/wp-json\/wp\/v2\/tags?post=31802"}],"curies":[{"name":"wp","href":"https:\/\/api.w.org\/{rel}","templated":true}]}}