{"id":3180,"date":"2020-10-04T21:03:34","date_gmt":"2020-10-05T00:03:34","guid":{"rendered":"http:\/\/www.centraldenoticias.com.ar\/?p=3180"},"modified":"2020-10-04T21:03:34","modified_gmt":"2020-10-05T00:03:34","slug":"sigue-la-semana-de-las-artes-con-programacion-especial","status":"publish","type":"post","link":"https:\/\/cdnoticias.com\/index.php\/2020\/10\/04\/sigue-la-semana-de-las-artes-con-programacion-especial\/","title":{"rendered":"Sigue la \u201cSemana de las Artes\u201d con programaci\u00f3n especial"},"content":{"rendered":"<p>Se extienden las actividades hasta el lunes 5 de octubre. Se podr\u00e1 ver por las redes sociales de la Subsecretar\u00eda de Cultura y Educaci\u00f3n. El cierre estar\u00e1 a cargo de Eduardo Timpanaro.<!--more--><\/p>\n<hr \/>\n<p>Dada la gran cantidad de artistas locales que se sumaron a la propuesta a participar de la Semana de las Artes, desde la Subsecretar\u00eda de Cultura y Educaci\u00f3n<strong> se decidi\u00f3 extender hasta el d\u00eda lunes 5 de octubre la publicaci\u00f3n de material cultural.<\/strong><\/p>\n<p>&nbsp;<\/p>\n<p><em>\u201cEs incre\u00edble la respuesta que hemos tenido, tanto de los artistas como del p\u00fablico, con todas las propuestas que hemos presentado. <strong>Por eso nos pareci\u00f3 interesante poder extender un d\u00eda m\u00e1s y agregar el lunes a la Semana de las Artes<\/strong>, para que se puedan compartir las diferentes actividades que nos han llegado\u201d<\/em>, indic\u00f3 la Subsecretaria de Cultura y Educaci\u00f3n Agustina Marino.<\/p>\n<p>&nbsp;<\/p>\n<p>As\u00ed es como se ha previsto una programaci\u00f3n especial, que se podr\u00e1 ver por las redes sociales de la Subsecretar\u00eda de Cultura y Educaci\u00f3n y que cuenta con diversas disciplinas y <strong>el cierre de un gran artista olavarriense como es Eduardo Timpanaro.<\/strong><\/p>\n<p>&nbsp;<\/p>\n<p><strong>Programaci\u00f3n Especial lunes 5 de octubre:<\/strong><\/p>\n<p>&nbsp;<\/p>\n<p><strong>11 horas:<\/strong> la Escuela Municipal de Art\u00edstica Integrada presentar\u00e1 canciones en lenguaje de se\u00f1as, a cargo de las profesoras Valeria Potes y Lorena Torres.<\/p>\n<p>&nbsp;<\/p>\n<p><strong>14 horas:<\/strong> la Escuela Municipal de M\u00fasica \u201cHnos. Rossi\u201d presentar\u00e1 a los profesores Alejandro Potenza y M\u00f3nica Badoglio hablando sobre arte y una canci\u00f3n infantil a cargo del profesor Federico S\u00e1nchez junto a su familia.<\/p>\n<p>&nbsp;<\/p>\n<p><strong>16 horas:<\/strong> la Escuela Municipal de Danzas presentar\u00e1 un trabajo realizado por el Taller de Danzas Flamencas y Espa\u00f1olas, a cargo de la profesora Nancy P\u00e9rez.<\/p>\n<p>&nbsp;<\/p>\n<p><strong>18 horas:<\/strong> la Escuela Municipal de M\u00fasica \u201cHnos. Rossi\u201d presentar\u00e1 a los profesores Valeria Bayala, Yanina Capponi, Marcos Gainza, Antonella Di Uono y Samuel Carabajal quienes interpretar\u00e1n la canci\u00f3n \u201cLa Espera\u201d de Bruno Arias y Fede Toledo.<\/p>\n<p>&nbsp;<\/p>\n<p><strong>20 horas:<\/strong> la Direcci\u00f3n de Cultura presenta al compositor y guitarrista Eduardo Timpanaro, quien compartir\u00e1 el tema \u201cTristeza\u201d, compuesto en el mes de marzo, cuando comenz\u00f3 la pandemia en Europa.<\/p>\n<p>&nbsp;<\/p>\n<p><strong>Redes:<\/strong> Facebook e Instagram Subsecretar\u00eda de Cultura y Educaci\u00f3n Olavarr\u00eda.<\/p>\n","protected":false},"excerpt":{"rendered":"<p>Se extienden las actividades hasta el lunes 5 de octubre. Se podr\u00e1 ver por las redes sociales de la Subsecretar\u00eda<\/p>\n","protected":false},"author":5,"featured_media":3182,"comment_status":"closed","ping_status":"closed","sticky":false,"template":"","format":"standard","meta":{"_jetpack_memberships_contains_paid_content":false,"footnotes":""},"categories":[9,1],"tags":[],"class_list":["post-3180","post","type-post","status-publish","format-standard","has-post-thumbnail","hentry","category-cultura","category-portada"],"jetpack_featured_media_url":"https:\/\/i0.wp.com\/cdnoticias.com\/wp-content\/uploads\/2020\/10\/Semana-de-las-Artes-MDA-2-1.jpg?fit=960%2C960&ssl=1","jetpack_sharing_enabled":true,"_links":{"self":[{"href":"https:\/\/cdnoticias.com\/index.php\/wp-json\/wp\/v2\/posts\/3180","targetHints":{"allow":["GET"]}}],"collection":[{"href":"https:\/\/cdnoticias.com\/index.php\/wp-json\/wp\/v2\/posts"}],"about":[{"href":"https:\/\/cdnoticias.com\/index.php\/wp-json\/wp\/v2\/types\/post"}],"author":[{"embeddable":true,"href":"https:\/\/cdnoticias.com\/index.php\/wp-json\/wp\/v2\/users\/5"}],"replies":[{"embeddable":true,"href":"https:\/\/cdnoticias.com\/index.php\/wp-json\/wp\/v2\/comments?post=3180"}],"version-history":[{"count":0,"href":"https:\/\/cdnoticias.com\/index.php\/wp-json\/wp\/v2\/posts\/3180\/revisions"}],"wp:featuredmedia":[{"embeddable":true,"href":"https:\/\/cdnoticias.com\/index.php\/wp-json\/wp\/v2\/media\/3182"}],"wp:attachment":[{"href":"https:\/\/cdnoticias.com\/index.php\/wp-json\/wp\/v2\/media?parent=3180"}],"wp:term":[{"taxonomy":"category","embeddable":true,"href":"https:\/\/cdnoticias.com\/index.php\/wp-json\/wp\/v2\/categories?post=3180"},{"taxonomy":"post_tag","embeddable":true,"href":"https:\/\/cdnoticias.com\/index.php\/wp-json\/wp\/v2\/tags?post=3180"}],"curies":[{"name":"wp","href":"https:\/\/api.w.org\/{rel}","templated":true}]}}