{"id":31764,"date":"2021-09-03T20:22:56","date_gmt":"2021-09-03T23:22:56","guid":{"rendered":"http:\/\/www.centraldenoticias.com.ar\/?p=31764"},"modified":"2021-09-04T08:37:20","modified_gmt":"2021-09-04T11:37:20","slug":"plan-provincial-de-vacunacion-este-viernes-se-aplicaron-mas-de-1100-dosis","status":"publish","type":"post","link":"https:\/\/cdnoticias.com\/index.php\/2021\/09\/03\/plan-provincial-de-vacunacion-este-viernes-se-aplicaron-mas-de-1100-dosis\/","title":{"rendered":"Plan provincial de vacunaci\u00f3n: este viernes se aplicaron m\u00e1s de 1100 dosis"},"content":{"rendered":"<p>Adem\u00e1s 9 hisopados resultaron positivos de los 66 que se realizaron en el centro de testeos que funciona en el Club El Fort\u00edn.<!--more--><\/p>\n<hr \/>\n<p>En la jornada de este viernes<strong> se aplicaron 1128 vacunas contra el Covid-19<\/strong> en las distintas postas sanitarias.<\/p>\n<p>&nbsp;<\/p>\n<p>Seg\u00fan inform\u00f3 Regi\u00f3n Sanitaria IX se distribuyeron de la siguiente forma: en el<strong> Centro Cultural Universitario<\/strong> se vacunaron 35 personas con segundas dosis, en el<strong> Servicio Territorial N\u00b02<\/strong> se aplicaron 375 vacunas de las cuales 45 corresponden a primeras dosis y 330 a segundo componente, en la <strong>Facultad de Ciencias de la Salud<\/strong> se inocularon 522 vecinas y vecinos, de los cuales 78 recibieron primer componente y 444 segundas dosis, y en la <strong>Mutual Carlos Alberto Moreno de Suteba<\/strong> se vacunaron 196 personas completando esquemas con segunda dosis.<\/p>\n<p>&nbsp;<\/p>\n<p>En cuanto a las actividades preventivas que se realizan en el<strong> Centro Provincial de Testeos<\/strong> que funciona en las instalaciones del Club El Fort\u00edn (Urquiza 2980), de lunes a viernes de 8 a 12, s<strong>e realizaron 66 hisopados de los cuales 9 resultaron positivos.<\/strong><\/p>\n<p>&nbsp;<\/p>\n<p>A la par, contin\u00faa la inscripci\u00f3n a menores de 12 a 17 a\u00f1os a trav\u00e9s del<a href=\"https:\/\/vacunatepba.gba.gob.ar\/\" target=\"_blank\" rel=\"noopener\"> sitio web Vacunate<\/a> para obtener el turno correspondiente y recibir la primera dosis, priorizando a quienes pertenecen a grupos de riesgo.<\/p>\n<p>&nbsp;<\/p>\n<p>Adem\u00e1s, sigue desarroll\u00e1ndose la <strong>vacunaci\u00f3n libre para mayores de 18 a\u00f1os<\/strong> que acrediten domicilio en la localidad present\u00e1ndose con su DNI, cabe aclarar que durante el fin de semana solo se aplicar\u00e1n primeras dosis de manera espont\u00e1nea en la Facultad de Ciencias de la Salud.<\/p>\n<p>&nbsp;<\/p>\n<p>Con respecto a<strong> segundas dosis<\/strong>, se recuerda que para recibir la aplicaci\u00f3n es \u00fanicamente por turnos, por lo que se le pide a los vecinos y vecinas que est\u00e9n atentos a las notificaciones que se env\u00edan desde el Ministerio de Salud provincial.<\/p>\n","protected":false},"excerpt":{"rendered":"<p>Adem\u00e1s 9 hisopados resultaron positivos de los 66 que se realizaron en el centro de testeos que funciona en el<\/p>\n","protected":false},"author":5,"featured_media":29062,"comment_status":"closed","ping_status":"closed","sticky":false,"template":"","format":"standard","meta":{"_jetpack_memberships_contains_paid_content":false,"footnotes":""},"categories":[16,1],"tags":[],"class_list":["post-31764","post","type-post","status-publish","format-standard","has-post-thumbnail","hentry","category-covid-19","category-portada"],"jetpack_featured_media_url":"https:\/\/i0.wp.com\/cdnoticias.com\/wp-content\/uploads\/2021\/08\/WhatsApp-Image-2021-08-09-at-20.59.23-1.jpeg?fit=1280%2C682&ssl=1","jetpack_sharing_enabled":true,"_links":{"self":[{"href":"https:\/\/cdnoticias.com\/index.php\/wp-json\/wp\/v2\/posts\/31764","targetHints":{"allow":["GET"]}}],"collection":[{"href":"https:\/\/cdnoticias.com\/index.php\/wp-json\/wp\/v2\/posts"}],"about":[{"href":"https:\/\/cdnoticias.com\/index.php\/wp-json\/wp\/v2\/types\/post"}],"author":[{"embeddable":true,"href":"https:\/\/cdnoticias.com\/index.php\/wp-json\/wp\/v2\/users\/5"}],"replies":[{"embeddable":true,"href":"https:\/\/cdnoticias.com\/index.php\/wp-json\/wp\/v2\/comments?post=31764"}],"version-history":[{"count":0,"href":"https:\/\/cdnoticias.com\/index.php\/wp-json\/wp\/v2\/posts\/31764\/revisions"}],"wp:featuredmedia":[{"embeddable":true,"href":"https:\/\/cdnoticias.com\/index.php\/wp-json\/wp\/v2\/media\/29062"}],"wp:attachment":[{"href":"https:\/\/cdnoticias.com\/index.php\/wp-json\/wp\/v2\/media?parent=31764"}],"wp:term":[{"taxonomy":"category","embeddable":true,"href":"https:\/\/cdnoticias.com\/index.php\/wp-json\/wp\/v2\/categories?post=31764"},{"taxonomy":"post_tag","embeddable":true,"href":"https:\/\/cdnoticias.com\/index.php\/wp-json\/wp\/v2\/tags?post=31764"}],"curies":[{"name":"wp","href":"https:\/\/api.w.org\/{rel}","templated":true}]}}