{"id":31754,"date":"2021-09-04T08:13:40","date_gmt":"2021-09-04T11:13:40","guid":{"rendered":"http:\/\/www.centraldenoticias.com.ar\/?p=31754"},"modified":"2021-09-04T08:14:28","modified_gmt":"2021-09-04T11:14:28","slug":"los-bufones-del-anden-vuelven-a-la-calle-con-una-clase-abierta","status":"publish","type":"post","link":"https:\/\/cdnoticias.com\/index.php\/2021\/09\/04\/los-bufones-del-anden-vuelven-a-la-calle-con-una-clase-abierta\/","title":{"rendered":"Los Bufones del And\u00e9n vuelven a la calle con una clase abierta"},"content":{"rendered":"<p>El grupo de teatro comunitario de la mutual de arte popular Macondo Creativa, estar\u00e1 este s\u00e1bado a las 16:00 en la ex estaci\u00f3n de trenes en Belgrano y Jun\u00edn.<!--more--><\/p>\n<hr \/>\n<p>Este <strong>s\u00e1bado 4 de septiembre y si el tiempo lo permite<\/strong>, el grupo de teatro comunitario \u201cLos Bufones del And\u00e9n\u201d de la mutual de arte popular Macondo Creativa, <strong>regresar\u00e1 a la presencialidad luego de un a\u00f1o y medio sin actividad con p\u00fablico.<\/strong><\/p>\n<p>&nbsp;<\/p>\n<p><strong><em>\u201cVolvemos al espacio p\u00fablico, volvemos a la calle\u201d<\/em><\/strong>, expresaron e invitaron a sumarse a una<strong> clase abierta que se desarrollar\u00e1 a partir de las 16:00 en la ex estaci\u00f3n de trenes ubicada en Belgrano y Jun\u00edn.<\/strong><\/p>\n<p>&nbsp;<\/p>\n<p><img data-recalc-dims=\"1\" loading=\"lazy\" decoding=\"async\" class=\"alignnone size-full wp-image-31755\" src=\"https:\/\/i0.wp.com\/cdnoticias.com\/wp-content\/uploads\/2021\/09\/WhatsApp-Image-2021-09-02-at-18.16.16.jpeg?resize=800%2C671&#038;ssl=1\" alt=\"\" width=\"800\" height=\"671\" srcset=\"https:\/\/i0.wp.com\/cdnoticias.com\/wp-content\/uploads\/2021\/09\/WhatsApp-Image-2021-09-02-at-18.16.16.jpeg?w=940&amp;ssl=1 940w, https:\/\/i0.wp.com\/cdnoticias.com\/wp-content\/uploads\/2021\/09\/WhatsApp-Image-2021-09-02-at-18.16.16.jpeg?resize=300%2C251&amp;ssl=1 300w, https:\/\/i0.wp.com\/cdnoticias.com\/wp-content\/uploads\/2021\/09\/WhatsApp-Image-2021-09-02-at-18.16.16.jpeg?resize=768%2C644&amp;ssl=1 768w\" sizes=\"auto, (max-width: 800px) 100vw, 800px\" \/><\/p>\n<p>&nbsp;<\/p>\n<p>El teatro comunitario tiene como fundamento el trabajo desde la inclusi\u00f3n y la integraci\u00f3n, por lo que toda persona que quiera participar puede hacerlo. <em>\u201cEst\u00e1n invitados a participar ya sea como espectadores o para jugar un rato al teatro\u201d, <\/em>se\u00f1alaron.<\/p>\n","protected":false},"excerpt":{"rendered":"<p>El grupo de teatro comunitario de la mutual de arte popular Macondo Creativa, estar\u00e1 este s\u00e1bado a las 16:00 en<\/p>\n","protected":false},"author":5,"featured_media":27173,"comment_status":"closed","ping_status":"closed","sticky":false,"template":"","format":"standard","meta":{"_jetpack_memberships_contains_paid_content":false,"footnotes":""},"categories":[9,1],"tags":[],"class_list":["post-31754","post","type-post","status-publish","format-standard","has-post-thumbnail","hentry","category-cultura","category-portada"],"jetpack_featured_media_url":"https:\/\/i0.wp.com\/cdnoticias.com\/wp-content\/uploads\/2021\/07\/WhatsApp-Image-2021-07-18-at-14.18.36.jpeg?fit=1280%2C960&ssl=1","jetpack_sharing_enabled":true,"_links":{"self":[{"href":"https:\/\/cdnoticias.com\/index.php\/wp-json\/wp\/v2\/posts\/31754","targetHints":{"allow":["GET"]}}],"collection":[{"href":"https:\/\/cdnoticias.com\/index.php\/wp-json\/wp\/v2\/posts"}],"about":[{"href":"https:\/\/cdnoticias.com\/index.php\/wp-json\/wp\/v2\/types\/post"}],"author":[{"embeddable":true,"href":"https:\/\/cdnoticias.com\/index.php\/wp-json\/wp\/v2\/users\/5"}],"replies":[{"embeddable":true,"href":"https:\/\/cdnoticias.com\/index.php\/wp-json\/wp\/v2\/comments?post=31754"}],"version-history":[{"count":0,"href":"https:\/\/cdnoticias.com\/index.php\/wp-json\/wp\/v2\/posts\/31754\/revisions"}],"wp:featuredmedia":[{"embeddable":true,"href":"https:\/\/cdnoticias.com\/index.php\/wp-json\/wp\/v2\/media\/27173"}],"wp:attachment":[{"href":"https:\/\/cdnoticias.com\/index.php\/wp-json\/wp\/v2\/media?parent=31754"}],"wp:term":[{"taxonomy":"category","embeddable":true,"href":"https:\/\/cdnoticias.com\/index.php\/wp-json\/wp\/v2\/categories?post=31754"},{"taxonomy":"post_tag","embeddable":true,"href":"https:\/\/cdnoticias.com\/index.php\/wp-json\/wp\/v2\/tags?post=31754"}],"curies":[{"name":"wp","href":"https:\/\/api.w.org\/{rel}","templated":true}]}}