{"id":31721,"date":"2021-09-03T16:13:35","date_gmt":"2021-09-03T19:13:35","guid":{"rendered":"http:\/\/www.centraldenoticias.com.ar\/?p=31721"},"modified":"2021-09-03T17:47:34","modified_gmt":"2021-09-03T20:47:34","slug":"diego-santilli-voy-a-bajar-los-impuestos-al-trabajo-a-los-sectores-mas-golpeados","status":"publish","type":"post","link":"https:\/\/cdnoticias.com\/index.php\/2021\/09\/03\/diego-santilli-voy-a-bajar-los-impuestos-al-trabajo-a-los-sectores-mas-golpeados\/","title":{"rendered":"Diego Santilli: &#8220;Voy a bajar los impuestos al trabajo a los sectores m\u00e1s golpeados&#8221;"},"content":{"rendered":"<p>Present\u00f3 las propuestas del sector vinculadas al trabajo. Fue en el marco de su visita a Olavarr\u00eda junto al jefe de gobierno porte\u00f1o, Horacio Rodr\u00edguez Larreta. Se reunieron con empresarios en el Parque Industrial.<!--more--><\/p>\n<hr \/>\n<p>En la jornada de este viernes el intendente Ezequiel Galli recibi\u00f3 la visita en Olavarr\u00eda de<strong>l Jefe de Gobierno de la Ciudad de Buenos Aires Horacio Rodr\u00edguez Larreta y del precandidato a diputado nacional de Juntos, Diego Santilli.<\/strong><\/p>\n<p>&nbsp;<\/p>\n<p>Estuvieron acompa\u00f1ados por el intendente de San Isidro Gustavo Posse, los precandidatos a diputados nacionales Graciela Oca\u00f1a y Juan L\u00f3pez, los precandidatos a senadores provinciales Diego Robbiani y Lucrecia Egger, el precandidato a concejal Bruno Cenizo, el intendente de Azul Hern\u00e1n Bertellys y dirigentes pol\u00edticos de toda la secci\u00f3n.<\/p>\n<p>&nbsp;<\/p>\n<p>Las actividades comenzaron durante la ma\u00f1ana con una<a href=\"https:\/\/cdnoticias.com\/index.php\/2021\/09\/03\/mas-de-200-vecinos-estuvieron-junto-a-larreta-y-santilli-en-estudiantes\/\" target=\"_blank\" rel=\"noopener\"> reuni\u00f3n con alrededor de 200 vecinos en el Maxigimnasio del Club Estudiantes.<\/a> Fue una convocatoria bimodal, con decenas de vecinos que se sumaron a los presentes de manera virtual.<\/p>\n<p>&nbsp;<\/p>\n<p>Tras el encuentro, <a href=\"https:\/\/cdnoticias.com\/index.php\/2021\/09\/03\/diego-santilli-en-la-argentina-la-presion-tributaria-esta-asfixiando\/\" target=\"_blank\" rel=\"noopener\">el precandidato a diputado dialog\u00f3 con los medios, junto a Horacio Rodr\u00edguez Larreta<\/a>, quien pidi\u00f3 que <em>\u201clo acompa\u00f1en porque somos un buen equipo de trabajo\u201d.<\/em><\/p>\n<p>&nbsp;<\/p>\n<p>Luego de una<strong> recorrida por el centro de la ciudad<\/strong> y el contacto con vecinos y vecinas, Larreta, Santilli, Galli y los dem\u00e1s candidatos<strong> se reunieron con empresarios en el Parque Industrial de Olavarr\u00eda<\/strong> y desde all\u00ed presentaron, para las elecciones del pr\u00f3ximo 12 de septiembre, <strong>sus propuestas vinculadas al mundo del trabajo.<\/strong><\/p>\n<p>&nbsp;<\/p>\n<p><img data-recalc-dims=\"1\" loading=\"lazy\" decoding=\"async\" class=\"alignnone size-full wp-image-31723\" src=\"https:\/\/i0.wp.com\/cdnoticias.com\/wp-content\/uploads\/2021\/09\/Visita-Larreta-5.jpg?resize=800%2C535&#038;ssl=1\" alt=\"\" width=\"800\" height=\"535\" srcset=\"https:\/\/i0.wp.com\/cdnoticias.com\/wp-content\/uploads\/2021\/09\/Visita-Larreta-5.jpg?w=2944&amp;ssl=1 2944w, https:\/\/i0.wp.com\/cdnoticias.com\/wp-content\/uploads\/2021\/09\/Visita-Larreta-5.jpg?resize=300%2C201&amp;ssl=1 300w, https:\/\/i0.wp.com\/cdnoticias.com\/wp-content\/uploads\/2021\/09\/Visita-Larreta-5.jpg?resize=768%2C513&amp;ssl=1 768w, https:\/\/i0.wp.com\/cdnoticias.com\/wp-content\/uploads\/2021\/09\/Visita-Larreta-5.jpg?resize=1024%2C685&amp;ssl=1 1024w, https:\/\/i0.wp.com\/cdnoticias.com\/wp-content\/uploads\/2021\/09\/Visita-Larreta-5.jpg?resize=272%2C182&amp;ssl=1 272w, https:\/\/i0.wp.com\/cdnoticias.com\/wp-content\/uploads\/2021\/09\/Visita-Larreta-5.jpg?w=1600&amp;ssl=1 1600w, https:\/\/i0.wp.com\/cdnoticias.com\/wp-content\/uploads\/2021\/09\/Visita-Larreta-5.jpg?w=2400&amp;ssl=1 2400w\" sizes=\"auto, (max-width: 800px) 100vw, 800px\" \/><\/p>\n<p>&nbsp;<\/p>\n<p><em>\u201cLo primero que voy a hacer es llevarles alivio a todos los laburantes que est\u00e1n en la cuerda floja. Voy a proponer extender la Moratoria a los Comercios y Pymes hasta diciembre del 2022\u201d<\/em>, dijo Santilli.<\/p>\n<p>&nbsp;<\/p>\n<p>Y agreg\u00f3: <em>\u201cLo segundo que voy a hacer es <strong>bajar los impuestos al trabajo a los sectores m\u00e1s golpeados<\/strong> y tambi\u00e9n a las PyMEs agropecuarias. Tambi\u00e9n voy a proponer que las PyMEs tengan cr\u00e9ditos para que puedan levantar cabeza, crecer y dar trabajo\u201d.<\/em><\/p>\n<p>&nbsp;<\/p>\n<p><em>\u201cY por \u00faltimo, para generar laburo y evitar que nuestros j\u00f3venes se vayan, me comprometo a <strong>impulsar una Ley de Empleo Joven.<\/strong> Vamos a incentivar a las empresas a contratar a chicos entre 18 y 35 a\u00f1os y para eso vamos a proponer que no paguen impuestos laborales por 5 a\u00f1os\u201d<\/em>, a\u00f1adi\u00f3.<\/p>\n<p>&nbsp;<\/p>\n<p>Tras finalizar todas las actividades,<strong> Ezequiel Galli<\/strong> indic\u00f3: <em>\u201choy ha sido un gran d\u00eda para nosotros. La llegada de Horacio y Diego a presentar las propuestas vinculadas al mundo del trabajo no hace m\u00e1s que confirmar que somos el Partido del trabajo\u201d.<\/em><\/p>\n<p>&nbsp;<\/p>\n<p><strong><em>\u201cEstoy convencido que vamos a hacer una gran elecci\u00f3n.<\/em><\/strong><em> Tenemos excelentes candidatos, grandes propuestas y un equipo con muchas ganas de trabajar y de sacar el pa\u00eds adelante<\/em>\u201d, finaliz\u00f3 Galli.<\/p>\n","protected":false},"excerpt":{"rendered":"<p>Present\u00f3 las propuestas del sector vinculadas al trabajo. Fue en el marco de su visita a Olavarr\u00eda junto al jefe<\/p>\n","protected":false},"author":5,"featured_media":31724,"comment_status":"closed","ping_status":"closed","sticky":false,"template":"","format":"standard","meta":{"_jetpack_memberships_contains_paid_content":false,"footnotes":""},"categories":[4,1],"tags":[],"class_list":["post-31721","post","type-post","status-publish","format-standard","has-post-thumbnail","hentry","category-politica","category-portada"],"jetpack_featured_media_url":"https:\/\/i0.wp.com\/cdnoticias.com\/wp-content\/uploads\/2021\/09\/Visita-Larreta-1.jpg?fit=2944%2C1968&ssl=1","jetpack_sharing_enabled":true,"_links":{"self":[{"href":"https:\/\/cdnoticias.com\/index.php\/wp-json\/wp\/v2\/posts\/31721","targetHints":{"allow":["GET"]}}],"collection":[{"href":"https:\/\/cdnoticias.com\/index.php\/wp-json\/wp\/v2\/posts"}],"about":[{"href":"https:\/\/cdnoticias.com\/index.php\/wp-json\/wp\/v2\/types\/post"}],"author":[{"embeddable":true,"href":"https:\/\/cdnoticias.com\/index.php\/wp-json\/wp\/v2\/users\/5"}],"replies":[{"embeddable":true,"href":"https:\/\/cdnoticias.com\/index.php\/wp-json\/wp\/v2\/comments?post=31721"}],"version-history":[{"count":0,"href":"https:\/\/cdnoticias.com\/index.php\/wp-json\/wp\/v2\/posts\/31721\/revisions"}],"wp:featuredmedia":[{"embeddable":true,"href":"https:\/\/cdnoticias.com\/index.php\/wp-json\/wp\/v2\/media\/31724"}],"wp:attachment":[{"href":"https:\/\/cdnoticias.com\/index.php\/wp-json\/wp\/v2\/media?parent=31721"}],"wp:term":[{"taxonomy":"category","embeddable":true,"href":"https:\/\/cdnoticias.com\/index.php\/wp-json\/wp\/v2\/categories?post=31721"},{"taxonomy":"post_tag","embeddable":true,"href":"https:\/\/cdnoticias.com\/index.php\/wp-json\/wp\/v2\/tags?post=31721"}],"curies":[{"name":"wp","href":"https:\/\/api.w.org\/{rel}","templated":true}]}}