{"id":31715,"date":"2021-09-03T20:10:18","date_gmt":"2021-09-03T23:10:18","guid":{"rendered":"http:\/\/www.centraldenoticias.com.ar\/?p=31715"},"modified":"2021-09-03T20:23:50","modified_gmt":"2021-09-03T23:23:50","slug":"en-cuestion-de-horas-3-personas-fueron-detenidas-por-reiterados-hechos-de-violencia-de-genero","status":"publish","type":"post","link":"https:\/\/cdnoticias.com\/index.php\/2021\/09\/03\/en-cuestion-de-horas-3-personas-fueron-detenidas-por-reiterados-hechos-de-violencia-de-genero\/","title":{"rendered":"En cuesti\u00f3n de horas 3 personas fueron detenidas por reiterados hechos de violencia de g\u00e9nero"},"content":{"rendered":"<p>Las medidas fueron requeridas desde la fiscal\u00eda especializada en la tem\u00e1tica, de la doctora Viviana Beyt\u00eda.<!--more--><\/p>\n<hr \/>\n<p><strong>Sobre el cierre de la semana y con pocas horas de diferencia tres personas con domicilio en nuestra ciudad fueron detenidas por reiterados hechos de violencia de g\u00e9nero<\/strong>, en episodios que en la mayor\u00eda de los casos tuvieron como v\u00edctimas a ex parejas. Es por ello tambi\u00e9n que, con el \u00fanico objetivo resguardar la intimidad y la integridad de las mismas, que no se ahondar\u00e1 en identidades de las personas implicadas.<\/p>\n<p>&nbsp;<\/p>\n<p><img data-recalc-dims=\"1\" loading=\"lazy\" decoding=\"async\" class=\"alignnone size-full wp-image-31727\" src=\"https:\/\/i0.wp.com\/cdnoticias.com\/wp-content\/uploads\/2021\/09\/genero1.jpg?resize=800%2C445&#038;ssl=1\" alt=\"\" width=\"800\" height=\"445\" srcset=\"https:\/\/i0.wp.com\/cdnoticias.com\/wp-content\/uploads\/2021\/09\/genero1.jpg?w=800&amp;ssl=1 800w, https:\/\/i0.wp.com\/cdnoticias.com\/wp-content\/uploads\/2021\/09\/genero1.jpg?resize=300%2C167&amp;ssl=1 300w, https:\/\/i0.wp.com\/cdnoticias.com\/wp-content\/uploads\/2021\/09\/genero1.jpg?resize=768%2C427&amp;ssl=1 768w\" sizes=\"auto, (max-width: 800px) 100vw, 800px\" \/><\/p>\n<p>&nbsp;<\/p>\n<p>Uno de estos preocupantes episodios se tradujo en la detenci\u00f3n llevada adelante horas atr\u00e1s por <strong>personal de la SubDDI local, que en inmediaciones de Calle 19 y Juan XXIII llevo adelante la detenci\u00f3n de un hombre de 31 a\u00f1os<\/strong>. El acusado fue remitido luego a la sede judicial local, donde declar\u00f3 ante la doctora Viviana Beyt\u00eda y su equipo de trabajo de la fiscal\u00eda especializada en Violencia Familiar y de G\u00e9nero.<\/p>\n<p>&nbsp;<\/p>\n<p>Central de Noticias dialog\u00f3 con fuentes vinculadas a la investigaci\u00f3n quienes relataron que el acusado estaba detenido por hechos de violencia de g\u00e9nero pero que<strong> hab\u00eda salido bajo libertad condicional durante el \u00faltimo fin de semana. Lo preocupante es que poco despu\u00e9s habr\u00eda amenazado a la misma v\u00edctima de los hechos por los que estaba detenido<\/strong>, por lo que encarcelado nuevamente. Desde su defensa se elev\u00f3 un planteo de excarcelaci\u00f3n y ahora restar\u00e1 conocer si el Juzgado de Garant\u00edas descarta o acompa\u00f1a esa petici\u00f3n.<\/p>\n<p>&nbsp;<\/p>\n<p><em><strong>M\u00e1s detenciones<\/strong><\/em><\/p>\n<p>&nbsp;<\/p>\n<p>En la jornada de este viernes se concretaron otras dos detenciones de estas caracter\u00edsticas. Una de ellas fue sobre el cruce de las avenidas Avellaneda y Pellegrini, donde agentes de la comisaria Primera en tareas encubiertas llevaron adelante la<strong> captura de un hombre de 30 a\u00f1os, medida requerida tambi\u00e9n desde la UFI liderada por la doctora Viviana Beyt\u00eda.<\/strong><\/p>\n<p>&nbsp;<\/p>\n<p>&#8220;Lesiones leves agravadas\u201d, \u201camenazas simples\u201d, \u201cda\u00f1o\u201d y \u201cdesobediencia\u201d, todos los hechos en concurso real de acciones son los delitos que se le siguen al acusado, quien de manera provisoria permanece alojado en la comisar\u00eda Primera. El dato a tener en cuenta es que, seg\u00fan se confi\u00f3 a este portal, el hombre ya estaba indagado y procesado por alguno de estos hechos y la detenci\u00f3n responde a la <strong>\u201crenuencia\u201d de acatar las medidas de la Justicia, ya que se le hab\u00edan impuesto diversas conductas que no acat\u00f3, como el caso de no acercarse a la v\u00edctima.<\/strong><\/p>\n<p>&nbsp;<\/p>\n<p><img data-recalc-dims=\"1\" loading=\"lazy\" decoding=\"async\" class=\"alignnone size-large wp-image-1882\" src=\"https:\/\/i0.wp.com\/cdnoticias.com\/wp-content\/uploads\/2020\/09\/WhatsApp-Image-2020-08-31-at-16.11.41-4-e1629489039378-1024x608.jpeg?resize=800%2C475&#038;ssl=1\" alt=\"\" width=\"800\" height=\"475\" srcset=\"https:\/\/i0.wp.com\/cdnoticias.com\/wp-content\/uploads\/2020\/09\/WhatsApp-Image-2020-08-31-at-16.11.41-4-e1629489039378.jpeg?resize=1024%2C608&amp;ssl=1 1024w, https:\/\/i0.wp.com\/cdnoticias.com\/wp-content\/uploads\/2020\/09\/WhatsApp-Image-2020-08-31-at-16.11.41-4-e1629489039378.jpeg?resize=300%2C178&amp;ssl=1 300w, https:\/\/i0.wp.com\/cdnoticias.com\/wp-content\/uploads\/2020\/09\/WhatsApp-Image-2020-08-31-at-16.11.41-4-e1629489039378.jpeg?resize=768%2C456&amp;ssl=1 768w, https:\/\/i0.wp.com\/cdnoticias.com\/wp-content\/uploads\/2020\/09\/WhatsApp-Image-2020-08-31-at-16.11.41-4-e1629489039378.jpeg?w=1078&amp;ssl=1 1078w\" sizes=\"auto, (max-width: 800px) 100vw, 800px\" \/><\/p>\n<p>&nbsp;<\/p>\n<p>Seg\u00fan se explic\u00f3, <strong>esa conducta fue ponderada como \u201cpeligro procesal\u201d<\/strong> y dio fundamento al pedido de detenci\u00f3n que se concret\u00f3 en las \u00faltimas horas con el aval del juez de Garant\u00edas Carlos Villamar\u00edn.<\/p>\n<p>&nbsp;<\/p>\n<p>El \u00faltimo caso comprende de una imputaci\u00f3n por m\u00e1s de una docena de il\u00edcitos. &#8220;<strong>Desobediencias -9 hechos-&#8220;, &#8220;violaci\u00f3n de domicilio -3 hechos-&#8220;, &#8220;hurto simple&#8221;, &#8220;amenazas simples&#8221;, &#8220;da\u00f1os&#8221;<\/strong>, todo en concurso real e ideal de acciones, en contexto de violencia de g\u00e9nero es la acusaci\u00f3n y la novedad tambi\u00e9n est\u00e1 dada en que este s\u00e1bado ser\u00e1 indagado por cada uno de esos hechos.<\/p>\n<p>&nbsp;<\/p>\n<p>Tal como se ha narrado en reiteradas ocasiones, es precisamente<strong> la ubicaci\u00f3n de los hechos en un contexto de violencia de g\u00e9nero lo que permite llevar adelante medidas de estas caracter\u00edsticas porque en caso contrario cada una de las figuras penales enumeradas previamente se traducen en delitos excarcelables<\/strong>. La formaci\u00f3n y capacitaciones en g\u00e9nero, adem\u00e1s de las convenciones a las que adhiri\u00f3 la Justicia nacional, son las que permiten este abordaje y medidas.<\/p>\n","protected":false},"excerpt":{"rendered":"<p>Las medidas fueron requeridas desde la fiscal\u00eda especializada en la tem\u00e1tica, de la doctora Viviana Beyt\u00eda.<\/p>\n","protected":false},"author":3,"featured_media":31728,"comment_status":"closed","ping_status":"closed","sticky":false,"template":"","format":"standard","meta":{"_jetpack_memberships_contains_paid_content":false,"footnotes":""},"categories":[14,1],"tags":[],"class_list":["post-31715","post","type-post","status-publish","format-standard","has-post-thumbnail","hentry","category-policiales","category-portada"],"jetpack_featured_media_url":"https:\/\/i0.wp.com\/cdnoticias.com\/wp-content\/uploads\/2021\/09\/genero.jpg?fit=800%2C445&ssl=1","jetpack_sharing_enabled":true,"_links":{"self":[{"href":"https:\/\/cdnoticias.com\/index.php\/wp-json\/wp\/v2\/posts\/31715","targetHints":{"allow":["GET"]}}],"collection":[{"href":"https:\/\/cdnoticias.com\/index.php\/wp-json\/wp\/v2\/posts"}],"about":[{"href":"https:\/\/cdnoticias.com\/index.php\/wp-json\/wp\/v2\/types\/post"}],"author":[{"embeddable":true,"href":"https:\/\/cdnoticias.com\/index.php\/wp-json\/wp\/v2\/users\/3"}],"replies":[{"embeddable":true,"href":"https:\/\/cdnoticias.com\/index.php\/wp-json\/wp\/v2\/comments?post=31715"}],"version-history":[{"count":0,"href":"https:\/\/cdnoticias.com\/index.php\/wp-json\/wp\/v2\/posts\/31715\/revisions"}],"wp:featuredmedia":[{"embeddable":true,"href":"https:\/\/cdnoticias.com\/index.php\/wp-json\/wp\/v2\/media\/31728"}],"wp:attachment":[{"href":"https:\/\/cdnoticias.com\/index.php\/wp-json\/wp\/v2\/media?parent=31715"}],"wp:term":[{"taxonomy":"category","embeddable":true,"href":"https:\/\/cdnoticias.com\/index.php\/wp-json\/wp\/v2\/categories?post=31715"},{"taxonomy":"post_tag","embeddable":true,"href":"https:\/\/cdnoticias.com\/index.php\/wp-json\/wp\/v2\/tags?post=31715"}],"curies":[{"name":"wp","href":"https:\/\/api.w.org\/{rel}","templated":true}]}}