{"id":317,"date":"2020-09-01T08:11:29","date_gmt":"2020-09-01T11:11:29","guid":{"rendered":"http:\/\/www.centraldenoticias.com.ar\/?p=317"},"modified":"2020-09-01T08:11:29","modified_gmt":"2020-09-01T11:11:29","slug":"historias-a-medias","status":"publish","type":"post","link":"https:\/\/cdnoticias.com\/index.php\/2020\/09\/01\/historias-a-medias\/","title":{"rendered":"Historias a medias"},"content":{"rendered":"<p>Claro est\u00e1 que en el plantel de Central de Noticias, al menos por ahora, no contamos con un especialista en contenidos seriados para la pantalla chica pero como buenos espectadores que s\u00ed somos, nos tomamos\u00a0el atrevimiento a sabiendas que no seremos ni los primeros ni los \u00faltimos en\u00a0aventurarnos en esto. Hecha esta suerte de salvedad o declaraci\u00f3n de principios, nos introducimos en una verdadera contradicci\u00f3n para referirnos a tres series que sinceramente\u00a0recomendamos, pero, a la par, hacerlo no dejar\u00eda de ser una\u00a0maldad ya que ninguna est\u00e1 completa.<\/p>\n<p>&nbsp;<\/p>\n<p>\u201cPara odiar hay que querer\u201d dice el Pity y de cierta manera explica lo que en las siguientes\u00a0l\u00edneas intentaremos desarrollar. Empiezo quiz\u00e1s por la que m\u00e1s me doli\u00f3 y, tambi\u00e9n,\u00a0decepcion\u00f3, al punto de replantearme seriamente si no era causal para presentar una\u00a0demanda ante Defensa del Consumidor. Creo que la imposibilidad de poder encasillar el\u00a0reclamo fue lo que me fren\u00f3.<\/p>\n<p>&nbsp;<\/p>\n<div class=\"jetpack-video-wrapper\"><iframe loading=\"lazy\" width=\"800\" height=\"450\" src=\"https:\/\/www.youtube.com\/embed\/bQZ9CHtImDM?feature=oembed\" frameborder=\"0\" allow=\"accelerometer; autoplay; encrypted-media; gyroscope; picture-in-picture\" allowfullscreen><\/iframe><\/div>\n<p>&nbsp;<\/p>\n<p>Se trata de \u201cLos Borgia\u201d (o The Borgias, en idioma original, mucho la verdad no var\u00eda) que\u00a0se emiti\u00f3 entre 2011 y 2013 por la cadena Showtime. Si le\u00edste El Pr\u00edncipe de Maquiavelo\u00a0m\u00e1s all\u00e1 del \u201cmejor ser temido que amado\u201d o te interesa conocer, al menos a m\u00ed humilde\u00a0entender, la obra de una de las familias m\u00e1s influyentes e interesantes, como m\u00ednimo, del\u00a0Renacimiento te recomiendo que te adentres en la historia de quien luego se convertir\u00eda en el Papa Alejandro VI y sus hijos, principalmente C\u00e9sar y Lucrecia.<\/p>\n<p>&nbsp;<\/p>\n<p>La ambientaci\u00f3n y las interpretaciones de los personajes, con el reconocido Jeremy Irons en\u00a0la piel de Rodrigo Borgia, har\u00e1n que muy r\u00e1pidamente te hagas adicto y quieras saber m\u00e1s\u00a0y m\u00e1s de cada uno de ellos a medida que vas deglutiendo cada cap\u00edtulo, siempre con el\u00a0miedo de no investigar de m\u00e1s por miedo a spoilearte. Sin embargo, ahora la parte fea,\u00a0lamentablemente no te quedar\u00e1 otra que hacerlo ya que el abrupto final de la serie deja muchos cabos sueltos y preguntas sin responder.<\/p>\n<p>&nbsp;<\/p>\n<div class=\"jetpack-video-wrapper\"><iframe loading=\"lazy\" width=\"800\" height=\"450\" src=\"https:\/\/www.youtube.com\/embed\/5__N-J5jTp0?feature=oembed\" frameborder=\"0\" allow=\"accelerometer; autoplay; encrypted-media; gyroscope; picture-in-picture\" allowfullscreen><\/iframe><\/div>\n<p>&nbsp;<\/p>\n<p>Algo parecido me sucedi\u00f3 con Marco Polo, realizada por Netflix. S\u00ed, como ver\u00e1s me atraen\u00a0aquellas series que tiene marco hist\u00f3rico. As\u00ed fue que sin pensarlo me adentr\u00e9 en la serie\u00a0que promet\u00eda narrar la historia y andanzas del mercader y navegante italiano, quien supo\u00a0transitar la denominada ruta de la seda y llegar, entre otros sitios, a Mongolia y China.<\/p>\n<p>Tambi\u00e9n escenarios muy bien logrados, al igual que los personajes y una trama que te iba\u00a0atrapando cap\u00edtulo a cap\u00edtulo. Sin embargo, nuestro viaje fue m\u00e1s corto, tan solo dos\u00a0temporadas hasta que el gigante de las plataformas on demand decidi\u00f3 cancelarla.<\/p>\n<p>La tercera es particular por donde se la mire. Ya la frecuencia de salida fue anticipando lo\u00a0que luego terminar\u00eda por suceder. La primera temporada sali\u00f3 en el 2012 y la segunda\u00a0reci\u00e9n tres a\u00f1os despu\u00e9s. Desde ese entonces no se tuvieron mayores novedades acerca de\u00a0la continuidad de una serie que si me consultan, sinceramente no s\u00e9 c\u00f3mo llegu\u00e9.<\/p>\n<p>&nbsp;<\/p>\n<div class=\"jetpack-video-wrapper\"><iframe loading=\"lazy\" width=\"800\" height=\"450\" src=\"https:\/\/www.youtube.com\/embed\/5bv_5IBPVuo?feature=oembed\" frameborder=\"0\" allow=\"accelerometer; autoplay; encrypted-media; gyroscope; picture-in-picture\" allowfullscreen><\/iframe><\/div>\n<p>(NdR: Perd\u00f3n, pero no hab\u00eda un trailer subtitulado que valiera la pena) Lo concreto es que no me arrepiento para nada. Se llama Les Revenants y se trata de una\u00a0producci\u00f3n francesa que justifica con creces cada minuto que est\u00e9s frente a la pantalla.\u00a0Peque\u00f1o pueblito entre las monta\u00f1as al que, de buenas a primeras, comienzan a regresar\u00a0personas muertas. No quiero decir mucho m\u00e1s para no adelantarte nada, pero no es de\u00a0zombies decr\u00e9pitos que se arrastran o algo que se le asemeje, sino que da lugar a una trama,\u00a0v\u00ednculos y tensi\u00f3n que te atrapar\u00e1n de inmediato.<\/p>\n<p>P\u00e1rrafo aparte y no ya para la puesta en escena y actuaciones -que son para aplaudir de pie-\u00a0sino para la m\u00fasica y ambientaci\u00f3n. Hay un sonido en particular que si la ves no lo vas a\u00a0olvidar. Vas a ver que me dar\u00e1s la raz\u00f3n. Luego, lo que ya te imaginar\u00e1s, la historia queda\u00a0abierta y en este caso s\u00f3lo te quedar\u00e1n las reversiones que se han hecho, como The\u00a0Returned en Netflix.<\/p>\n<p>Esperamos haberte ayudado o como m\u00ednimo haberte prevenido. No obstante, estando de\u00a0cuarentena, siempre es bueno tener algo para ver.<\/p>\n","protected":false},"excerpt":{"rendered":"<p>Claro est\u00e1 que en el plantel de Central de Noticias, al menos por ahora, no contamos con un especialista en<\/p>\n","protected":false},"author":3,"featured_media":195,"comment_status":"closed","ping_status":"closed","sticky":false,"template":"","format":"standard","meta":{"_jetpack_memberships_contains_paid_content":false,"footnotes":""},"categories":[9],"tags":[],"class_list":["post-317","post","type-post","status-publish","format-standard","has-post-thumbnail","hentry","category-cultura"],"jetpack_featured_media_url":"https:\/\/i0.wp.com\/cdnoticias.com\/wp-content\/uploads\/2020\/08\/historias-a-medias.jpg?fit=1366%2C768&ssl=1","jetpack_sharing_enabled":true,"_links":{"self":[{"href":"https:\/\/cdnoticias.com\/index.php\/wp-json\/wp\/v2\/posts\/317","targetHints":{"allow":["GET"]}}],"collection":[{"href":"https:\/\/cdnoticias.com\/index.php\/wp-json\/wp\/v2\/posts"}],"about":[{"href":"https:\/\/cdnoticias.com\/index.php\/wp-json\/wp\/v2\/types\/post"}],"author":[{"embeddable":true,"href":"https:\/\/cdnoticias.com\/index.php\/wp-json\/wp\/v2\/users\/3"}],"replies":[{"embeddable":true,"href":"https:\/\/cdnoticias.com\/index.php\/wp-json\/wp\/v2\/comments?post=317"}],"version-history":[{"count":0,"href":"https:\/\/cdnoticias.com\/index.php\/wp-json\/wp\/v2\/posts\/317\/revisions"}],"wp:featuredmedia":[{"embeddable":true,"href":"https:\/\/cdnoticias.com\/index.php\/wp-json\/wp\/v2\/media\/195"}],"wp:attachment":[{"href":"https:\/\/cdnoticias.com\/index.php\/wp-json\/wp\/v2\/media?parent=317"}],"wp:term":[{"taxonomy":"category","embeddable":true,"href":"https:\/\/cdnoticias.com\/index.php\/wp-json\/wp\/v2\/categories?post=317"},{"taxonomy":"post_tag","embeddable":true,"href":"https:\/\/cdnoticias.com\/index.php\/wp-json\/wp\/v2\/tags?post=317"}],"curies":[{"name":"wp","href":"https:\/\/api.w.org\/{rel}","templated":true}]}}