{"id":31683,"date":"2021-09-03T13:20:54","date_gmt":"2021-09-03T16:20:54","guid":{"rendered":"http:\/\/www.centraldenoticias.com.ar\/?p=31683"},"modified":"2021-09-03T13:20:54","modified_gmt":"2021-09-03T16:20:54","slug":"mas-de-200-vecinos-estuvieron-junto-a-larreta-y-santilli-en-estudiantes","status":"publish","type":"post","link":"https:\/\/cdnoticias.com\/index.php\/2021\/09\/03\/mas-de-200-vecinos-estuvieron-junto-a-larreta-y-santilli-en-estudiantes\/","title":{"rendered":"M\u00e1s de 200 vecinos estuvieron junto a Larreta y Santilli en Estudiantes"},"content":{"rendered":"<p>Particip\u00f3 tambi\u00e9n el Intendente Galli junto a candidatos locales. El n\u00famero sube considerablemente dado que hubo muchos que siguieron la charla en formato virtual.\u00a0<!--more--><\/p>\n<hr \/>\n<p>La jornada del viernes estuvo marcada por <a href=\"https:\/\/cdnoticias.com\/index.php\/2021\/09\/03\/diego-santilli-en-la-argentina-la-presion-tributaria-esta-asfixiando\/\" target=\"_blank\" rel=\"noopener\">la llegada a Olavarr\u00eda del jefe de gobierno porte\u00f1o, Horacio Rodr\u00edguez Larreta, junto al vicejefe y precandidato a diputado nacional por Juntos, Diego Santilli.<\/a><\/p>\n<p>&nbsp;<\/p>\n<p>En la primera de sus actividades, <strong>hubo un encuentro en el maxigimnasio del Club Estudiantes con alrededor de 200 vecinos de la ciudad y las localidades en lo que se catalog\u00f3 como un encuentro bimodal, con decenas de otros vecinos que participaron de forma virtual.<\/strong><\/p>\n<p>&nbsp;<\/p>\n<p>Se explic\u00f3 que el formato del encuentro fue <em>\u201ccon consultas de los vecinos sobre varios temas en los que Diego Santilli respondi\u00f3 su parecer y tambi\u00e9n present\u00f3 su plataforma para las elecciones\u201d<\/em> explicaron.<\/p>\n<p>&nbsp;<\/p>\n<blockquote><p>A su vez, hubo exposiciones de Horacio Rodr\u00edguez Larreta (quien lleg\u00f3 minutos despu\u00e9s que Santilli) y el Intendente Ezequiel Galli en el importante encuentro con vecinos.<\/p><\/blockquote>\n<p>&nbsp;<\/p>\n<p>Cabe se\u00f1alar que durante los \u00faltimos d\u00edas desde el espacio se convoc\u00f3 a participar y la respuesta fue catalogada como \u201cmuy positiva\u201d.<\/p>\n","protected":false},"excerpt":{"rendered":"<p>Particip\u00f3 tambi\u00e9n el Intendente Galli junto a candidatos locales. El n\u00famero sube considerablemente dado que hubo muchos que siguieron la<\/p>\n","protected":false},"author":2,"featured_media":31685,"comment_status":"closed","ping_status":"closed","sticky":false,"template":"","format":"standard","meta":{"_jetpack_memberships_contains_paid_content":false,"footnotes":""},"categories":[4,1],"tags":[],"class_list":["post-31683","post","type-post","status-publish","format-standard","has-post-thumbnail","hentry","category-politica","category-portada"],"jetpack_featured_media_url":"https:\/\/i0.wp.com\/cdnoticias.com\/wp-content\/uploads\/2021\/09\/santilli6.jpg?fit=4027%2C2240&ssl=1","jetpack_sharing_enabled":true,"_links":{"self":[{"href":"https:\/\/cdnoticias.com\/index.php\/wp-json\/wp\/v2\/posts\/31683","targetHints":{"allow":["GET"]}}],"collection":[{"href":"https:\/\/cdnoticias.com\/index.php\/wp-json\/wp\/v2\/posts"}],"about":[{"href":"https:\/\/cdnoticias.com\/index.php\/wp-json\/wp\/v2\/types\/post"}],"author":[{"embeddable":true,"href":"https:\/\/cdnoticias.com\/index.php\/wp-json\/wp\/v2\/users\/2"}],"replies":[{"embeddable":true,"href":"https:\/\/cdnoticias.com\/index.php\/wp-json\/wp\/v2\/comments?post=31683"}],"version-history":[{"count":0,"href":"https:\/\/cdnoticias.com\/index.php\/wp-json\/wp\/v2\/posts\/31683\/revisions"}],"wp:featuredmedia":[{"embeddable":true,"href":"https:\/\/cdnoticias.com\/index.php\/wp-json\/wp\/v2\/media\/31685"}],"wp:attachment":[{"href":"https:\/\/cdnoticias.com\/index.php\/wp-json\/wp\/v2\/media?parent=31683"}],"wp:term":[{"taxonomy":"category","embeddable":true,"href":"https:\/\/cdnoticias.com\/index.php\/wp-json\/wp\/v2\/categories?post=31683"},{"taxonomy":"post_tag","embeddable":true,"href":"https:\/\/cdnoticias.com\/index.php\/wp-json\/wp\/v2\/tags?post=31683"}],"curies":[{"name":"wp","href":"https:\/\/api.w.org\/{rel}","templated":true}]}}