{"id":3168,"date":"2020-10-04T19:23:43","date_gmt":"2020-10-04T22:23:43","guid":{"rendered":"http:\/\/www.centraldenoticias.com.ar\/?p=3168"},"modified":"2020-10-04T20:18:39","modified_gmt":"2020-10-04T23:18:39","slug":"demanda-habitacional-la-historia-de-los-sin-techo-olavarrienses","status":"publish","type":"post","link":"https:\/\/cdnoticias.com\/index.php\/2020\/10\/04\/demanda-habitacional-la-historia-de-los-sin-techo-olavarrienses\/","title":{"rendered":"Demanda habitacional: la historia de los sin techo olavarrienses"},"content":{"rendered":"<p>&nbsp;<\/p>\n<p>Protestas en las puertas de Desarrollo Social y ahora en pleno centro, frente al Palacio San Martin. Familias enteras no tienen d\u00f3nde vivir. Una secretaria los manda a hablar con el Intendente. Para empeorar todo, volvi\u00f3 el fr\u00edo.<!--more--><\/p>\n<hr \/>\n<p><em>Luciana Pedernera &#8211; Agencia Comunica<\/em><\/p>\n<p><em>Foto: Dante Lartirigoyen &#8211; Agencia Comunica<\/em><\/p>\n<p>&nbsp;<\/p>\n<p>Es un d\u00eda de octubre fr\u00edo. Frente a la entrada del municipio, sobre el paseo Jes\u00fas Mend\u00eda al borde de la calle Rivadavia, una carpa es golpeada por la fuerza del viento. En su interior, protegidas por esta estructura, hay una ronda de siete personas. En su mayor\u00eda mujeres, cubiertas con tapabocas y acompa\u00f1adas por sus peque\u00f1os que juegan sobre el piso y a quienes solo se les ven sus ojitos porque est\u00e1n cubiertos de abrigos<strong>. Son un total de 12 familias las que van pasando por este puesto, rotan y cuidan el lugar a modo de protesta para visibilizar la necesidad de una vivienda digna.<\/strong><\/p>\n<p>&nbsp;<\/p>\n<p>El c\u00edrculo de personas que hay al interior de la carpa lleva mucho tiempo cargando con una problem\u00e1tica que es eco no solo en Olavarr\u00eda, sino que llega a todo el pa\u00eds. La crisis econ\u00f3mica que viene present\u00e1ndose hace alg\u00fan tiempo y sumado a ella la pandemia que trajo el Aislamiento Social Preventivo y Obligatorio, hizo que varias familias empezaran a no poder pagar el alquiler y sus due\u00f1os exigen el desalojo. La convocatoria que hab\u00eda empezado en la sede de Desarrollo Social en Rivadavia y Rufino Fal se traslad\u00f3 al acceso del Palacio Municipal. <strong>Martin Roldan, referente de la Mesa de Emergencia Local<\/strong>, explica que la protesta se profundiz\u00f3 luego de que Silvana Rosales -Secretaria de Desarrollo Social- expresara que<em> &#8220;ac\u00e1 yo no tengo m\u00e1s respuestas. El reclamo debe ser a mis superiores en el municipio&#8221;.<\/em><\/p>\n<p>&nbsp;<\/p>\n<p><img data-recalc-dims=\"1\" loading=\"lazy\" decoding=\"async\" class=\"alignnone size-large wp-image-3170\" src=\"https:\/\/i0.wp.com\/cdnoticias.com\/wp-content\/uploads\/2020\/10\/Vivienda_3.jpeg?resize=800%2C450&#038;ssl=1\" alt=\"\" width=\"800\" height=\"450\" srcset=\"https:\/\/i0.wp.com\/cdnoticias.com\/wp-content\/uploads\/2020\/10\/Vivienda_3.jpeg?resize=1024%2C576&amp;ssl=1 1024w, https:\/\/i0.wp.com\/cdnoticias.com\/wp-content\/uploads\/2020\/10\/Vivienda_3.jpeg?resize=300%2C169&amp;ssl=1 300w, https:\/\/i0.wp.com\/cdnoticias.com\/wp-content\/uploads\/2020\/10\/Vivienda_3.jpeg?resize=768%2C432&amp;ssl=1 768w, https:\/\/i0.wp.com\/cdnoticias.com\/wp-content\/uploads\/2020\/10\/Vivienda_3.jpeg?w=1280&amp;ssl=1 1280w\" sizes=\"auto, (max-width: 800px) 100vw, 800px\" \/><\/p>\n<p>&nbsp;<\/p>\n<p>Desde el municipio ofrecen como respuesta seg\u00fan indica el referente de la Mesa de Emergencia local que <em>&#8220;los casos de cada familia est\u00e1n abordados&#8221;<\/em> aunque para Roldan <em>\u201cllaman \u2019abordar\u2019 a tener una carpeta sobre sus situaciones, entregar bolsas de comida y haber mandado a hacer socioambientales\u201d<\/em>. <strong>Johana Sequeira est\u00e1 en uno de los rincones al interior del peque\u00f1o habit\u00e1culo y cuenta su historia:<\/strong> <em>\u201ctengo una orden de desalojo, por un mal manejo de desarrollo social, hubo un fallo judicial a favor del due\u00f1o de la casa\u201d<\/em>. Sin techo en contexto de pandemia y mam\u00e1 de un nene de dos a\u00f1os y una nena de tres a\u00f1os, Andrea est\u00e1 en una situaci\u00f3n similar, ella estaba rentando un alquiler de palabra, pero dice que <strong><em>\u201chace unos d\u00edas quien me alquila ese lugar me comunic\u00f3 que me ten\u00eda que ir\u201d.<\/em><\/strong><\/p>\n<p>&nbsp;<\/p>\n<p>Frente a estas situaciones, Johana por su parte <strong>reconoce que el municipio le ha brindado ayuda otorg\u00e1ndole un terreno en el que pudo construir con el acompa\u00f1amiento de familiares y vecinos, pero hoy debe pagar alrededor de 80 mil pesos para adquirir el techo y no puede.<\/strong> En este contexto explica que <em>\u201cmi marido es alba\u00f1il, tiene trabajo, pero es para comer y la pandemia complic\u00f3 mucho m\u00e1s la situaci\u00f3n\u201d<\/em>. El compa\u00f1ero de Andrea tambi\u00e9n es alba\u00f1il y el desalojo los deja en la calle porque los requisitos para un alquiler \u201cnormal\u201d no est\u00e1n a su alcance <em>\u201choy fui a Desarrollo Social y me dijeron que no me pod\u00edan ayudar. Me dieron un papel con muchas opciones de alquiler baratos, pero ya todos est\u00e1n ocupados\u201d.<\/em><\/p>\n<p>&nbsp;<\/p>\n<p><img data-recalc-dims=\"1\" loading=\"lazy\" decoding=\"async\" class=\"alignnone size-large wp-image-3171\" src=\"https:\/\/i0.wp.com\/cdnoticias.com\/wp-content\/uploads\/2020\/10\/Vivienda_4.jpeg?resize=800%2C450&#038;ssl=1\" alt=\"\" width=\"800\" height=\"450\" srcset=\"https:\/\/i0.wp.com\/cdnoticias.com\/wp-content\/uploads\/2020\/10\/Vivienda_4.jpeg?resize=1024%2C576&amp;ssl=1 1024w, https:\/\/i0.wp.com\/cdnoticias.com\/wp-content\/uploads\/2020\/10\/Vivienda_4.jpeg?resize=300%2C169&amp;ssl=1 300w, https:\/\/i0.wp.com\/cdnoticias.com\/wp-content\/uploads\/2020\/10\/Vivienda_4.jpeg?resize=768%2C432&amp;ssl=1 768w, https:\/\/i0.wp.com\/cdnoticias.com\/wp-content\/uploads\/2020\/10\/Vivienda_4.jpeg?w=1280&amp;ssl=1 1280w\" sizes=\"auto, (max-width: 800px) 100vw, 800px\" \/><\/p>\n<p>&nbsp;<\/p>\n<p><strong><em>\u201cQueremos vivir dignamente\u201d<\/em>; <em>\u201cSeguimos en esta lucha, no bajen los brazos\u201d<\/em> y <em>\u201cNunca pisaron el barrio\u201d<\/em> un conjunto de frases llenas de colores sobre improvisados carteles que interpelan a quienes est\u00e1n de paso por uno de los rincones del paseo Jes\u00fas Mendia.<\/strong> Un com\u00fan denominador en casi todas las historias: familias en la que su ingreso proviene de la alba\u00f1iler\u00eda, del trabajo sobre la construcci\u00f3n. Una profesi\u00f3n que en muchas ocasiones cuenta con una alta precarizaci\u00f3n laboral y aunque parezca sin sentido, son ellos los que reparan o construyen enormes edificios y tambi\u00e9n son ellos los que viven en condiciones inexplicables. Con la ausencia de recursos y con ese ingreso que en todo el mes debe decidirse si es para comer o pagar un alquiler.<\/p>\n<p>&nbsp;<\/p>\n<p><em>\u201cEstos acontecimientos se presentan muy en contra del decreto 320\/20 en su Art\u00edculo N\u00b02\u201d<\/em>, expresa el referente de la Mesa de Emergencia Local, quien a su vez sostiene que el s\u00e1bado van a definir en asamblea hasta cu\u00e1ndo permanecer\u00e1n manifest\u00e1ndose de esta manera. <strong>Aunque el desalojo no es el \u00fanico problema, Lucia es parte de la ronda de personas que se encuentra en la carpa y habla por su mam\u00e1, a quien se le incendi\u00f3 la casa hace tres meses atr\u00e1s y perdi\u00f3 todo.<\/strong> <em>\u201cMi mam\u00e1 tuvo que abandonar su casa por una orden de restricci\u00f3n de mi cu\u00f1ada y cuando volvi\u00f3 no hab\u00eda nada\u201d.<\/em> La mam\u00e1 de Lucia vive actualmente en la casa incendiada porque no pudo sostener m\u00e1s de dos meses el costo de un alquiler, pero est\u00e1 quemada y sin techo.<\/p>\n<p>&nbsp;<\/p>\n<p><img data-recalc-dims=\"1\" loading=\"lazy\" decoding=\"async\" class=\"alignnone size-large wp-image-3172\" src=\"https:\/\/i0.wp.com\/cdnoticias.com\/wp-content\/uploads\/2020\/10\/Vivienda_6.jpeg?resize=800%2C450&#038;ssl=1\" alt=\"\" width=\"800\" height=\"450\" srcset=\"https:\/\/i0.wp.com\/cdnoticias.com\/wp-content\/uploads\/2020\/10\/Vivienda_6.jpeg?resize=1024%2C576&amp;ssl=1 1024w, https:\/\/i0.wp.com\/cdnoticias.com\/wp-content\/uploads\/2020\/10\/Vivienda_6.jpeg?resize=300%2C169&amp;ssl=1 300w, https:\/\/i0.wp.com\/cdnoticias.com\/wp-content\/uploads\/2020\/10\/Vivienda_6.jpeg?resize=768%2C432&amp;ssl=1 768w, https:\/\/i0.wp.com\/cdnoticias.com\/wp-content\/uploads\/2020\/10\/Vivienda_6.jpeg?w=1280&amp;ssl=1 1280w\" sizes=\"auto, (max-width: 800px) 100vw, 800px\" \/><\/p>\n<p>&nbsp;<\/p>\n<p>Rold\u00e1n explica que desde la Mesa de Emergencia Local no tienen las herramientas para solucionar este tipo de cuestiones<strong><em> \u201cesto no lo podemos responder nosotros, eso es lo que le estamos preguntando al Estado\u201d.<\/em><\/strong><\/p>\n<p>&nbsp;<\/p>\n<p>El Estado, a trav\u00e9s de la m\u00e1xima autoridad del \u00e1rea correspondiente dijo no tener m\u00e1s respuestas y mand\u00f3 a los manifestantes a hablar con el Intendente. <strong>\u00bfD\u00f3nde duermen unos y otros esta noche?.<\/strong><\/p>\n<p>&nbsp;<\/p>\n","protected":false},"excerpt":{"rendered":"<p>&nbsp; Protestas en las puertas de Desarrollo Social y ahora en pleno centro, frente al Palacio San Martin. Familias enteras<\/p>\n","protected":false},"author":5,"featured_media":3169,"comment_status":"closed","ping_status":"closed","sticky":false,"template":"","format":"standard","meta":{"_jetpack_memberships_contains_paid_content":false,"footnotes":""},"categories":[5,1],"tags":[],"class_list":["post-3168","post","type-post","status-publish","format-standard","has-post-thumbnail","hentry","category-informacion-general","category-portada"],"jetpack_featured_media_url":"https:\/\/i0.wp.com\/cdnoticias.com\/wp-content\/uploads\/2020\/10\/Vivienda_2.jpeg?fit=1280%2C720&ssl=1","jetpack_sharing_enabled":true,"_links":{"self":[{"href":"https:\/\/cdnoticias.com\/index.php\/wp-json\/wp\/v2\/posts\/3168","targetHints":{"allow":["GET"]}}],"collection":[{"href":"https:\/\/cdnoticias.com\/index.php\/wp-json\/wp\/v2\/posts"}],"about":[{"href":"https:\/\/cdnoticias.com\/index.php\/wp-json\/wp\/v2\/types\/post"}],"author":[{"embeddable":true,"href":"https:\/\/cdnoticias.com\/index.php\/wp-json\/wp\/v2\/users\/5"}],"replies":[{"embeddable":true,"href":"https:\/\/cdnoticias.com\/index.php\/wp-json\/wp\/v2\/comments?post=3168"}],"version-history":[{"count":0,"href":"https:\/\/cdnoticias.com\/index.php\/wp-json\/wp\/v2\/posts\/3168\/revisions"}],"wp:featuredmedia":[{"embeddable":true,"href":"https:\/\/cdnoticias.com\/index.php\/wp-json\/wp\/v2\/media\/3169"}],"wp:attachment":[{"href":"https:\/\/cdnoticias.com\/index.php\/wp-json\/wp\/v2\/media?parent=3168"}],"wp:term":[{"taxonomy":"category","embeddable":true,"href":"https:\/\/cdnoticias.com\/index.php\/wp-json\/wp\/v2\/categories?post=3168"},{"taxonomy":"post_tag","embeddable":true,"href":"https:\/\/cdnoticias.com\/index.php\/wp-json\/wp\/v2\/tags?post=3168"}],"curies":[{"name":"wp","href":"https:\/\/api.w.org\/{rel}","templated":true}]}}