{"id":31675,"date":"2021-09-03T11:48:37","date_gmt":"2021-09-03T14:48:37","guid":{"rendered":"http:\/\/www.centraldenoticias.com.ar\/?p=31675"},"modified":"2021-09-03T16:13:58","modified_gmt":"2021-09-03T19:13:58","slug":"diego-santilli-en-la-argentina-la-presion-tributaria-esta-asfixiando","status":"publish","type":"post","link":"https:\/\/cdnoticias.com\/index.php\/2021\/09\/03\/diego-santilli-en-la-argentina-la-presion-tributaria-esta-asfixiando\/","title":{"rendered":"Diego Santilli: \u201cEn la Argentina la presi\u00f3n tributaria est\u00e1 asfixiando\u201d"},"content":{"rendered":"<p>El precandidato a diputado dialog\u00f3 con los medios tras el encuentro con los vecinos en Estudiantes, junto a Horacio Rodr\u00edguez Larreta, quien pidi\u00f3 que \u201clo acompa\u00f1en porque somos un buen equipo de trabajo\u201d.\u00a0<!--more--><\/p>\n<hr \/>\n<p>Tras un importante encuentro con vecinos en el Maxigimnasio del Club Estudiantes,<strong> el precandidato a diputado nacional Diego Santilli y el Jefe de Gobierno porte\u00f1o, Horacio Rodr\u00edguez Larreta, encabezaron una conferencia de prensa junto al Intendente Galli y otros dirigentes y precandidatos.<\/strong><\/p>\n<p>&nbsp;<\/p>\n<p>Santilli fue el principal orador de la conferencia, en la que explic\u00f3 que en las recorridas realizadas han encontrado <em>\u201cla necesidad de que los chicos est\u00e9n en las escuelas en la Provincia, a la gente le preocupa el laburo, no le alcanza la changa para llegar a fin de mes\u201d<\/em> y que bajo ese contexto econ\u00f3mico y laboral complejo,<em> \u201cla seguridad es un tema transversal que atraviesa de norte a sur y este a oeste\u201d.<\/em><\/p>\n<p>&nbsp;<\/p>\n<p><img data-recalc-dims=\"1\" loading=\"lazy\" decoding=\"async\" class=\"alignnone size-large wp-image-31677\" src=\"https:\/\/i0.wp.com\/cdnoticias.com\/wp-content\/uploads\/2021\/09\/santilli2.jpg?resize=800%2C445&#038;ssl=1\" alt=\"\" width=\"800\" height=\"445\" srcset=\"https:\/\/i0.wp.com\/cdnoticias.com\/wp-content\/uploads\/2021\/09\/santilli2.jpg?resize=1024%2C570&amp;ssl=1 1024w, https:\/\/i0.wp.com\/cdnoticias.com\/wp-content\/uploads\/2021\/09\/santilli2.jpg?resize=300%2C167&amp;ssl=1 300w, https:\/\/i0.wp.com\/cdnoticias.com\/wp-content\/uploads\/2021\/09\/santilli2.jpg?resize=768%2C427&amp;ssl=1 768w, https:\/\/i0.wp.com\/cdnoticias.com\/wp-content\/uploads\/2021\/09\/santilli2.jpg?resize=800%2C445&amp;ssl=1 800w, https:\/\/i0.wp.com\/cdnoticias.com\/wp-content\/uploads\/2021\/09\/santilli2.jpg?w=1600&amp;ssl=1 1600w\" sizes=\"auto, (max-width: 800px) 100vw, 800px\" \/><\/p>\n<p>&nbsp;<\/p>\n<blockquote><p>Ante la consulta acerca de los dichos del ex presidente Macri sobre evasi\u00f3n de impuestos (\u201cEn Argentina para ganar plata hay que evadir impuestos\u201d) el precandidato a diputado coincidi\u00f3 y afirm\u00f3 que <strong><em>\u201cen la Argentina la presi\u00f3n tributaria est\u00e1 asfixiando\u201d.<\/em><\/strong><\/p><\/blockquote>\n<p>&nbsp;<\/p>\n<p>Justamente, tras el di\u00e1logo con las pymes, Santilli se\u00f1al\u00f3 que piden \u201cpor favor\u201d que<em><strong> \u201cnos quiten la pierna arriba de la cabeza, ay\u00fadennos a generar trabajo, a salir adelante. Hacia ah\u00ed tenemos que ir\u201d<\/strong>. \u201cTenemos el mayor \u00edndice de desocupaci\u00f3n juvenil de toda la regi\u00f3n\u201d.<\/em><\/p>\n<p>&nbsp;<\/p>\n<p><img data-recalc-dims=\"1\" loading=\"lazy\" decoding=\"async\" class=\"alignnone size-large wp-image-31676\" src=\"https:\/\/i0.wp.com\/cdnoticias.com\/wp-content\/uploads\/2021\/09\/santilli1.jpg?resize=800%2C445&#038;ssl=1\" alt=\"\" width=\"800\" height=\"445\" srcset=\"https:\/\/i0.wp.com\/cdnoticias.com\/wp-content\/uploads\/2021\/09\/santilli1.jpg?resize=1024%2C570&amp;ssl=1 1024w, https:\/\/i0.wp.com\/cdnoticias.com\/wp-content\/uploads\/2021\/09\/santilli1.jpg?resize=300%2C167&amp;ssl=1 300w, https:\/\/i0.wp.com\/cdnoticias.com\/wp-content\/uploads\/2021\/09\/santilli1.jpg?resize=768%2C427&amp;ssl=1 768w, https:\/\/i0.wp.com\/cdnoticias.com\/wp-content\/uploads\/2021\/09\/santilli1.jpg?resize=800%2C445&amp;ssl=1 800w, https:\/\/i0.wp.com\/cdnoticias.com\/wp-content\/uploads\/2021\/09\/santilli1.jpg?w=1600&amp;ssl=1 1600w\" sizes=\"auto, (max-width: 800px) 100vw, 800px\" \/><\/p>\n<p>&nbsp;<\/p>\n<p>Opin\u00f3 que la Ley de Alquileres<em> \u201ctanto al inquilino como al propietario no le sirve la ley, as\u00ed que tenemos que modificarla. Venimos trabajando con Graciela (Oca\u00f1a) que es diputada, integra la lista y viene realizando un trabajo por su experiencia con muchos afectados\u201d.<\/em><\/p>\n<p>&nbsp;<\/p>\n<p>Evit\u00f3 polemizar nuevamente con Facundo Manes y dijo que<strong><em> \u201cno me gusta hablar de lo que me diferencia, me gusta hablar de nuestra propuesta. Queremos vivir en paz, que la gente se sienta segura en su casa\u201d.<\/em><\/strong><\/p>\n<p>&nbsp;<\/p>\n<p>Justamente, <em>\u201ctrabajamos para que nosotros ganemos, si representamos a la sociedad y entendemos eso, nos permitir\u00e1 tener m\u00e1s diputados y senadores en la Provincia, defender a nuestros intendentes y todos los intendentes porque <strong>se trata de la autonom\u00eda de los Municipios, la gesti\u00f3n, y la oposici\u00f3n se ha mantenido unida para evitar reformas vinculadas a la Justicia\u201d<\/strong>.<\/em><\/p>\n<p>&nbsp;<\/p>\n<p>Finalmente, se\u00f1al\u00f3 que si bien la recepci\u00f3n de su candidatura es recibida \u201ccon afecto y cari\u00f1o de la gente\u201d admiti\u00f3 que<em> \u201chay mucha tristeza y apat\u00eda, resignaci\u00f3n\u2026estamos ac\u00e1 para no resignarnos, demostrar que se puede, se puede trabajar, poner el cuerpo, entendemos y<strong> aprendimos mucho de la experiencia de Horacio que es maravillosa, de Ezequiel en Olavarr\u00eda, de Gustavo en San Isidro, Mar del Plata que ten\u00eda 26% de desocupaci\u00f3n y hoy 9%<\/strong>\u201d.<\/em><\/p>\n<p>&nbsp;<\/p>\n<p><span style=\"text-decoration: underline;\"><strong>\u201cLa desesperaci\u00f3n por la inseguridad es hoy\u201d<\/strong><\/span><\/p>\n<p>&nbsp;<\/p>\n<p><img data-recalc-dims=\"1\" loading=\"lazy\" decoding=\"async\" class=\"alignnone size-large wp-image-31677\" src=\"https:\/\/i0.wp.com\/cdnoticias.com\/wp-content\/uploads\/2021\/09\/santilli2.jpg?resize=800%2C445&#038;ssl=1\" alt=\"\" width=\"800\" height=\"445\" srcset=\"https:\/\/i0.wp.com\/cdnoticias.com\/wp-content\/uploads\/2021\/09\/santilli2.jpg?resize=1024%2C570&amp;ssl=1 1024w, https:\/\/i0.wp.com\/cdnoticias.com\/wp-content\/uploads\/2021\/09\/santilli2.jpg?resize=300%2C167&amp;ssl=1 300w, https:\/\/i0.wp.com\/cdnoticias.com\/wp-content\/uploads\/2021\/09\/santilli2.jpg?resize=768%2C427&amp;ssl=1 768w, https:\/\/i0.wp.com\/cdnoticias.com\/wp-content\/uploads\/2021\/09\/santilli2.jpg?resize=800%2C445&amp;ssl=1 800w, https:\/\/i0.wp.com\/cdnoticias.com\/wp-content\/uploads\/2021\/09\/santilli2.jpg?w=1600&amp;ssl=1 1600w\" sizes=\"auto, (max-width: 800px) 100vw, 800px\" \/><\/p>\n<p>&nbsp;<\/p>\n<p>Con una clara postura de acompa\u00f1amiento m\u00e1s que de protagonismo, <strong>Horacio Rodr\u00edguez Larreta evit\u00f3 hablar de su potencial candidatura a presidente en 2023 y dijo que <em>\u201cfaltan a\u00f1os para el 23. El foco est\u00e1 en el hoy, en las discusiones de hoy, discutimos el regreso pleno de las clases, todav\u00eda hay chicos que no volvieron a clases cuando en Ciudad de Buenos Aires hace meses tenemos presencialidad plena\u201d.<\/em><\/strong><\/p>\n<p>&nbsp;<\/p>\n<blockquote><p><em>\u201cLa desesperaci\u00f3n por la inseguridad es hoy. Hay que trabajar en el pa\u00eds desde hoy, por eso pido apoyar a Diego Santilli, tenemos un muy buen equipo de trabajo. Ezequiel y Gustavo son grandes intendentes de sus distritos\u201d<\/em> dijo, y se\u00f1al\u00f3 el trabajo territorial de los dem\u00e1s jefes comunales del PRO.<\/p><\/blockquote>\n<p>&nbsp;<\/p>\n<p>Finalmente, pidi\u00f3 que finalizadas las PASO<em> \u201ctenemos que trabajar juntos\u201d<\/em> de cara a las generales de noviembre y valor\u00f3, como uno de los l\u00edderes del espacio Juntos, que<strong><em> \u201ces la primera vez desde la vuelta de la democracia, en un gobierno peronista, que mantenemos la oposici\u00f3n unida\u201d.<\/em><\/strong><\/p>\n","protected":false},"excerpt":{"rendered":"<p>El precandidato a diputado dialog\u00f3 con los medios tras el encuentro con los vecinos en Estudiantes, junto a Horacio Rodr\u00edguez<\/p>\n","protected":false},"author":2,"featured_media":31681,"comment_status":"closed","ping_status":"closed","sticky":false,"template":"","format":"standard","meta":{"_jetpack_memberships_contains_paid_content":false,"footnotes":""},"categories":[4,1],"tags":[],"class_list":["post-31675","post","type-post","status-publish","format-standard","has-post-thumbnail","hentry","category-politica","category-portada"],"jetpack_featured_media_url":"https:\/\/i0.wp.com\/cdnoticias.com\/wp-content\/uploads\/2021\/09\/santilli5.jpg?fit=4608%2C2564&ssl=1","jetpack_sharing_enabled":true,"_links":{"self":[{"href":"https:\/\/cdnoticias.com\/index.php\/wp-json\/wp\/v2\/posts\/31675","targetHints":{"allow":["GET"]}}],"collection":[{"href":"https:\/\/cdnoticias.com\/index.php\/wp-json\/wp\/v2\/posts"}],"about":[{"href":"https:\/\/cdnoticias.com\/index.php\/wp-json\/wp\/v2\/types\/post"}],"author":[{"embeddable":true,"href":"https:\/\/cdnoticias.com\/index.php\/wp-json\/wp\/v2\/users\/2"}],"replies":[{"embeddable":true,"href":"https:\/\/cdnoticias.com\/index.php\/wp-json\/wp\/v2\/comments?post=31675"}],"version-history":[{"count":0,"href":"https:\/\/cdnoticias.com\/index.php\/wp-json\/wp\/v2\/posts\/31675\/revisions"}],"wp:featuredmedia":[{"embeddable":true,"href":"https:\/\/cdnoticias.com\/index.php\/wp-json\/wp\/v2\/media\/31681"}],"wp:attachment":[{"href":"https:\/\/cdnoticias.com\/index.php\/wp-json\/wp\/v2\/media?parent=31675"}],"wp:term":[{"taxonomy":"category","embeddable":true,"href":"https:\/\/cdnoticias.com\/index.php\/wp-json\/wp\/v2\/categories?post=31675"},{"taxonomy":"post_tag","embeddable":true,"href":"https:\/\/cdnoticias.com\/index.php\/wp-json\/wp\/v2\/tags?post=31675"}],"curies":[{"name":"wp","href":"https:\/\/api.w.org\/{rel}","templated":true}]}}