{"id":31664,"date":"2021-09-03T10:00:09","date_gmt":"2021-09-03T13:00:09","guid":{"rendered":"http:\/\/www.centraldenoticias.com.ar\/?p=31664"},"modified":"2021-09-03T10:00:09","modified_gmt":"2021-09-03T13:00:09","slug":"monzo-recorrio-azul-junto-a-precandidatos-seccionales-y-locales","status":"publish","type":"post","link":"https:\/\/cdnoticias.com\/index.php\/2021\/09\/03\/monzo-recorrio-azul-junto-a-precandidatos-seccionales-y-locales\/","title":{"rendered":"Monz\u00f3 recorri\u00f3 Azul junto a precandidatos seccionales y locales"},"content":{"rendered":"<p>El precandidato a diputado estuvo junto a los precandidatos encabezados por Alejandro Cellillo, quien es la referencia de senadores provinciales por \u201cDar el Paso\u201d.<!--more--><\/p>\n<hr \/>\n<p>El precandidato a diputado nacional de Dar El Paso,<strong> Emilio Monz\u00f3, recorri\u00f3 Azul junto a Alejandro Cellillo, Lorena Mandagar\u00e1n (precandidatos a senadores provinciales), Jorge Ferrarello y Pilar \u00c1lvarez (precandidatos a concejales).<\/strong><\/p>\n<p>&nbsp;<\/p>\n<blockquote><p>Los integrantes de la lista que encabeza Facundo Manes visitaron la agencia regional de autos ROAS, el frigor\u00edfico Azul Natural Free y la f\u00e1brica de aberturas TecnoAzul.<\/p><\/blockquote>\n<p>&nbsp;<\/p>\n<p>El ex presidente de la C\u00e1mara de Diputados de la Naci\u00f3n manifest\u00f3 que<em> \u201cestamos ante la presencia de la elecci\u00f3n m\u00e1s importante desde el regreso de la democracia\u201d.<\/em> Asimismo, a\u00f1adi\u00f3:<em> \u201cTenemos la oportunidad de ponerle un freno al kirchnerismo, terminar con la grieta y pensar de una vez por todas en un pa\u00eds que verdaderamente incluya a todos\u201d.<\/em><\/p>\n<p>&nbsp;<\/p>\n<p><img data-recalc-dims=\"1\" loading=\"lazy\" decoding=\"async\" class=\"alignnone size-full wp-image-31667\" src=\"https:\/\/i0.wp.com\/cdnoticias.com\/wp-content\/uploads\/2021\/09\/AZUL-0209-1.jpeg?resize=800%2C606&#038;ssl=1\" alt=\"\" width=\"800\" height=\"606\" srcset=\"https:\/\/i0.wp.com\/cdnoticias.com\/wp-content\/uploads\/2021\/09\/AZUL-0209-1.jpeg?w=849&amp;ssl=1 849w, https:\/\/i0.wp.com\/cdnoticias.com\/wp-content\/uploads\/2021\/09\/AZUL-0209-1.jpeg?resize=300%2C227&amp;ssl=1 300w, https:\/\/i0.wp.com\/cdnoticias.com\/wp-content\/uploads\/2021\/09\/AZUL-0209-1.jpeg?resize=768%2C582&amp;ssl=1 768w\" sizes=\"auto, (max-width: 800px) 100vw, 800px\" \/><\/p>\n<p>&nbsp;<\/p>\n<blockquote><p>\u201cJunto a Facundo (Manes) creemos en una construcci\u00f3n pol\u00edtica amplia, con di\u00e1logo y consenso\u201d.<\/p><\/blockquote>\n<p>&nbsp;<\/p>\n<p>Por su parte, el senador provincial Cellillo expres\u00f3 que<strong><em> \u201cla visita de Monz\u00f3 es fundamental para la secci\u00f3n porque refleja que la lista de Dar El Paso conoce la provincia de Buenos Aires y est\u00e1 integrada por personas nacidas en territorio bonaerense, y no importadas de Capital\u201d.<\/em><\/strong><\/p>\n","protected":false},"excerpt":{"rendered":"<p>El precandidato a diputado estuvo junto a los precandidatos encabezados por Alejandro Cellillo, quien es la referencia de senadores provinciales<\/p>\n","protected":false},"author":2,"featured_media":31668,"comment_status":"closed","ping_status":"closed","sticky":false,"template":"","format":"standard","meta":{"_jetpack_memberships_contains_paid_content":false,"footnotes":""},"categories":[4,1],"tags":[],"class_list":["post-31664","post","type-post","status-publish","format-standard","has-post-thumbnail","hentry","category-politica","category-portada"],"jetpack_featured_media_url":"https:\/\/i0.wp.com\/cdnoticias.com\/wp-content\/uploads\/2021\/09\/azul-0209.jpeg?fit=1429%2C926&ssl=1","jetpack_sharing_enabled":true,"_links":{"self":[{"href":"https:\/\/cdnoticias.com\/index.php\/wp-json\/wp\/v2\/posts\/31664","targetHints":{"allow":["GET"]}}],"collection":[{"href":"https:\/\/cdnoticias.com\/index.php\/wp-json\/wp\/v2\/posts"}],"about":[{"href":"https:\/\/cdnoticias.com\/index.php\/wp-json\/wp\/v2\/types\/post"}],"author":[{"embeddable":true,"href":"https:\/\/cdnoticias.com\/index.php\/wp-json\/wp\/v2\/users\/2"}],"replies":[{"embeddable":true,"href":"https:\/\/cdnoticias.com\/index.php\/wp-json\/wp\/v2\/comments?post=31664"}],"version-history":[{"count":0,"href":"https:\/\/cdnoticias.com\/index.php\/wp-json\/wp\/v2\/posts\/31664\/revisions"}],"wp:featuredmedia":[{"embeddable":true,"href":"https:\/\/cdnoticias.com\/index.php\/wp-json\/wp\/v2\/media\/31668"}],"wp:attachment":[{"href":"https:\/\/cdnoticias.com\/index.php\/wp-json\/wp\/v2\/media?parent=31664"}],"wp:term":[{"taxonomy":"category","embeddable":true,"href":"https:\/\/cdnoticias.com\/index.php\/wp-json\/wp\/v2\/categories?post=31664"},{"taxonomy":"post_tag","embeddable":true,"href":"https:\/\/cdnoticias.com\/index.php\/wp-json\/wp\/v2\/tags?post=31664"}],"curies":[{"name":"wp","href":"https:\/\/api.w.org\/{rel}","templated":true}]}}