{"id":31661,"date":"2021-09-03T09:27:41","date_gmt":"2021-09-03T12:27:41","guid":{"rendered":"http:\/\/www.centraldenoticias.com.ar\/?p=31661"},"modified":"2021-09-03T10:05:24","modified_gmt":"2021-09-03T13:05:24","slug":"ocana-y-posse-junto-a-la-comitiva-de-larreta-y-santilli-en-olavarria","status":"publish","type":"post","link":"https:\/\/cdnoticias.com\/index.php\/2021\/09\/03\/ocana-y-posse-junto-a-la-comitiva-de-larreta-y-santilli-en-olavarria\/","title":{"rendered":"Oca\u00f1a y Posse junto a la comitiva de Larreta y Santilli en Olavarr\u00eda"},"content":{"rendered":"<p>Confirmaron la presencia de la precandidata a diputada nacional y el intendente de San Isidro junto al jefe de gobierno porte\u00f1o y la principal referencia de la lista de Juntos, \u201cColo\u201d Santilli.\u00a0<!--more--><\/p>\n<hr \/>\n<p>En la previa a la<strong> llegada de Diego Santilli y Horacio Rodr\u00edguez Larreta a Olavarr\u00eda<\/strong> se confirmaron dos presencias m\u00e1s en la gira que tendr\u00e1n los dirigentes de Juntos: <strong>estar\u00e1n presentes la precandidata Graciela Oca\u00f1a y el intendente de San Isidro, Gustavo Posse.<\/strong><\/p>\n<p>&nbsp;<\/p>\n<p>Seg\u00fan informaron fuentes de Juntos,<strong> Posse estar\u00e1 en la mesa de dirigentes que dialogar\u00e1n con los medios a media ma\u00f1ana<\/strong>, tras el importante encuentro con vecinos en el Club Estudiantes.<\/p>\n<p>&nbsp;<\/p>\n<p><strong>Oca\u00f1a es la segunda precandidata a diputada nacional por el espacio del Pro dentro de Juntos<\/strong>, mientras que Posse fue candidato a presidente del Comit\u00e9 de la UCR en la Provincia y, tras perder contra Maximiliano Abad, decidi\u00f3 apostar por la candidatura de Diego Santilli.<\/p>\n<p>&nbsp;<\/p>\n<p>Los dirigentes <strong>estar\u00e1n junto al intendente Ezequiel Galli y los precandidatos Bruno Cenizo y Diego Robbiani.<\/strong><\/p>\n","protected":false},"excerpt":{"rendered":"<p>Confirmaron la presencia de la precandidata a diputada nacional y el intendente de San Isidro junto al jefe de gobierno<\/p>\n","protected":false},"author":2,"featured_media":31662,"comment_status":"closed","ping_status":"closed","sticky":false,"template":"","format":"standard","meta":{"_jetpack_memberships_contains_paid_content":false,"footnotes":""},"categories":[4,1],"tags":[],"class_list":["post-31661","post","type-post","status-publish","format-standard","has-post-thumbnail","hentry","category-politica","category-portada"],"jetpack_featured_media_url":"https:\/\/i0.wp.com\/cdnoticias.com\/wp-content\/uploads\/2021\/09\/20210724larretadiegosantilliprensaprog-1208810.jpg?fit=950%2C534&ssl=1","jetpack_sharing_enabled":true,"_links":{"self":[{"href":"https:\/\/cdnoticias.com\/index.php\/wp-json\/wp\/v2\/posts\/31661","targetHints":{"allow":["GET"]}}],"collection":[{"href":"https:\/\/cdnoticias.com\/index.php\/wp-json\/wp\/v2\/posts"}],"about":[{"href":"https:\/\/cdnoticias.com\/index.php\/wp-json\/wp\/v2\/types\/post"}],"author":[{"embeddable":true,"href":"https:\/\/cdnoticias.com\/index.php\/wp-json\/wp\/v2\/users\/2"}],"replies":[{"embeddable":true,"href":"https:\/\/cdnoticias.com\/index.php\/wp-json\/wp\/v2\/comments?post=31661"}],"version-history":[{"count":0,"href":"https:\/\/cdnoticias.com\/index.php\/wp-json\/wp\/v2\/posts\/31661\/revisions"}],"wp:featuredmedia":[{"embeddable":true,"href":"https:\/\/cdnoticias.com\/index.php\/wp-json\/wp\/v2\/media\/31662"}],"wp:attachment":[{"href":"https:\/\/cdnoticias.com\/index.php\/wp-json\/wp\/v2\/media?parent=31661"}],"wp:term":[{"taxonomy":"category","embeddable":true,"href":"https:\/\/cdnoticias.com\/index.php\/wp-json\/wp\/v2\/categories?post=31661"},{"taxonomy":"post_tag","embeddable":true,"href":"https:\/\/cdnoticias.com\/index.php\/wp-json\/wp\/v2\/tags?post=31661"}],"curies":[{"name":"wp","href":"https:\/\/api.w.org\/{rel}","templated":true}]}}