{"id":31652,"date":"2021-09-02T22:30:08","date_gmt":"2021-09-03T01:30:08","guid":{"rendered":"http:\/\/www.centraldenoticias.com.ar\/?p=31652"},"modified":"2021-09-03T08:26:41","modified_gmt":"2021-09-03T11:26:41","slug":"la-ucr-local-denuncio-agresiones-y-el-quite-de-pasacalles","status":"publish","type":"post","link":"https:\/\/cdnoticias.com\/index.php\/2021\/09\/02\/la-ucr-local-denuncio-agresiones-y-el-quite-de-pasacalles\/","title":{"rendered":"La UCR local denunci\u00f3 agresiones y el quite de pasacalles"},"content":{"rendered":"<div class=\"kvgmc6g5 cxmmr5t8 oygrvhab hcukyx3x c1et5uql ii04i59q\">\n<div dir=\"auto\">\n<p>&#8220;Por una campa\u00f1a sin agresiones&#8221;. De esa manera la UCR local realiz\u00f3 una denuncia p\u00fablica a trav\u00e9s de las redes sociales. Los detalles.<\/p>\n<p>&nbsp;<\/p>\n<hr \/>\n<\/div>\n<\/div>\n<p>En la jornada de este jueves una importante pol\u00e9mica se desat\u00f3 en torno a la interna del espacio Juntos, ya que desde la UCR local se denunci\u00f3 p\u00fablicamente y a trav\u00e9s de las redes sociales el <strong>ataque de personas vinculadas con el PRO tanto contra militantes como con el quite de pasacalles en las cercan\u00edas del Club Atl\u00e9tico Estudiantes<\/strong>, lugar que ser\u00e1 visitado por Diego Santilli y Horacio Rodr\u00edguez Larreta en la ma\u00f1ana de este viernes.<\/p>\n<p>&nbsp;<\/p>\n<p>&#8220;Por una campa\u00f1a sin agresiones&#8221;, se titula la publicaci\u00f3n que fue subida en Facebook en la noche de este jueves, en sinton\u00eda con un<a href=\"https:\/\/cdnoticias.com\/wp-admin\/post.php?post=31652&amp;action=edit\" target=\"_blank\" rel=\"noopener\"> tuit realizado desde la Juventud Radical de Buenos Aires<\/a> algunos minutos antes.<\/p>\n<p>&nbsp;<\/p>\n<p><iframe loading=\"lazy\" style=\"border: none; overflow: hidden;\" src=\"https:\/\/www.facebook.com\/plugins\/post.php?href=https%3A%2F%2Fwww.facebook.com%2Fcomiteradicalolavarria%2Fposts%2F5092128590813684&amp;show_text=true&amp;width=500\" width=\"500\" height=\"790\" frameborder=\"0\" scrolling=\"no\" allowfullscreen=\"allowfullscreen\"><\/iframe><\/p>\n<p>&nbsp;<\/p>\n<p>En ambos casos se da cuenta de una serie de imagenes tomadas sobre el cruce de Lavalle y avenida Del Valle, frente al ingreso al Parque Carlos Guerrero. <strong>&#8220;A ra\u00edz del llamado de un vecino, descubrimos que militantes del PRO, junto a un ex funcionario, estaban retirando uno de nuestros pasacalles. Al encontrarnos en el lugar con esta situaci\u00f3n e intentar registrar lo que estaba sucediendo, uno de nuestros militantes fue agredido por el mencionado ex funcionario&#8221;, se relat\u00f3.<\/strong><\/p>\n<p>&nbsp;<\/p>\n<p><em><strong>Central de Noticias<\/strong><\/em> dialog\u00f3 con fuentes de seguridad locales, quienes detallaron que al momento no tomaron conocimiento de la radicaci\u00f3n de una denuncia por estos hechos, aunque ya estaban iniciando averiguaciones al respecto.<strong> &#8220;Desde el espacio se plante\u00f3 una campa\u00f1a sin agresiones, porque sabemos que la gente est\u00e1 cansada de la discusi\u00f3n entre pol\u00edticos&#8221;, se ampli\u00f3 desde el radicalismo local.<\/strong><\/p>\n<p>&nbsp;<\/p>\n<div class=\"o9v6fnle cxmmr5t8 oygrvhab hcukyx3x c1et5uql ii04i59q\">\n<div dir=\"auto\">&#8220;Hemos sufrido un faltante desmedido de material de campa\u00f1a, y hasta ahora no lo hemos expuesto pese a que ya ten\u00edamos conocimiento de quienes estar\u00edan implicados.<strong> Cansados de tanto atropello, decidimos hacerlo p\u00fablico porque a esto se sumaron agresiones y no lo vamos a tolerar. Somos defensores de la democracia y la libertad de expresi\u00f3n. La forma en la que entendemos la pol\u00edtica, es la del respeto, la convivencia, y la diversidad de ideas. Sigamos trabajando #Juntos<\/strong>&#8220;, finalizaron.<\/div>\n<\/div>\n","protected":false},"excerpt":{"rendered":"<p>&#8220;Por una campa\u00f1a sin agresiones&#8221;. De esa manera la UCR local realiz\u00f3 una denuncia p\u00fablica a trav\u00e9s de las redes<\/p>\n","protected":false},"author":3,"featured_media":31654,"comment_status":"closed","ping_status":"closed","sticky":false,"template":"","format":"standard","meta":{"_jetpack_memberships_contains_paid_content":false,"footnotes":""},"categories":[5,1],"tags":[],"class_list":["post-31652","post","type-post","status-publish","format-standard","has-post-thumbnail","hentry","category-informacion-general","category-portada"],"jetpack_featured_media_url":"https:\/\/i0.wp.com\/cdnoticias.com\/wp-content\/uploads\/2021\/09\/pasacalle.jpg?fit=800%2C445&ssl=1","jetpack_sharing_enabled":true,"_links":{"self":[{"href":"https:\/\/cdnoticias.com\/index.php\/wp-json\/wp\/v2\/posts\/31652","targetHints":{"allow":["GET"]}}],"collection":[{"href":"https:\/\/cdnoticias.com\/index.php\/wp-json\/wp\/v2\/posts"}],"about":[{"href":"https:\/\/cdnoticias.com\/index.php\/wp-json\/wp\/v2\/types\/post"}],"author":[{"embeddable":true,"href":"https:\/\/cdnoticias.com\/index.php\/wp-json\/wp\/v2\/users\/3"}],"replies":[{"embeddable":true,"href":"https:\/\/cdnoticias.com\/index.php\/wp-json\/wp\/v2\/comments?post=31652"}],"version-history":[{"count":0,"href":"https:\/\/cdnoticias.com\/index.php\/wp-json\/wp\/v2\/posts\/31652\/revisions"}],"wp:featuredmedia":[{"embeddable":true,"href":"https:\/\/cdnoticias.com\/index.php\/wp-json\/wp\/v2\/media\/31654"}],"wp:attachment":[{"href":"https:\/\/cdnoticias.com\/index.php\/wp-json\/wp\/v2\/media?parent=31652"}],"wp:term":[{"taxonomy":"category","embeddable":true,"href":"https:\/\/cdnoticias.com\/index.php\/wp-json\/wp\/v2\/categories?post=31652"},{"taxonomy":"post_tag","embeddable":true,"href":"https:\/\/cdnoticias.com\/index.php\/wp-json\/wp\/v2\/tags?post=31652"}],"curies":[{"name":"wp","href":"https:\/\/api.w.org\/{rel}","templated":true}]}}