{"id":31650,"date":"2021-09-02T20:26:24","date_gmt":"2021-09-02T23:26:24","guid":{"rendered":"http:\/\/www.centraldenoticias.com.ar\/?p=31650"},"modified":"2021-09-02T21:21:58","modified_gmt":"2021-09-03T00:21:58","slug":"la-facultad-de-ciencias-de-la-salud-sera-la-unica-posta-de-vacunacion-para-primeras-dosis-contra-el-covid19","status":"publish","type":"post","link":"https:\/\/cdnoticias.com\/index.php\/2021\/09\/02\/la-facultad-de-ciencias-de-la-salud-sera-la-unica-posta-de-vacunacion-para-primeras-dosis-contra-el-covid19\/","title":{"rendered":"La Facultad de Ciencias de la Salud ser\u00e1 la \u00fanica posta de vacunaci\u00f3n para primeras dosis contra el Covid19"},"content":{"rendered":"<p>As\u00ed fue informado por Regi\u00f3n Sanitaria IX, desde donde se detall\u00f3 que este jueves se aplicaron m\u00e1s de 1700 dosis.<!--more--><\/p>\n<hr \/>\n<p>Desde Regi\u00f3n Sanitaria IX se narr\u00f3 que desde la jornada de este viernes la posta de vacunaci\u00f3n situada en<strong> la Facultad de Ciencias de Salud, ubicada sobre Merlo entre avenida Pringles y 9 de Julio, ser\u00e1 la \u00fanica en la que se realizar\u00e1 aplicaci\u00f3n de primeras dosis de la vacuna contra el Coronavirus.<\/strong><\/p>\n<p>&nbsp;<\/p>\n<p>Vale recordar, en este sentido, que persiste la vacunaci\u00f3n libre para <strong>mayores de 18 a\u00f1os, quienes \u00fanicamente deber\u00e1n acreditar el domicilio en nuestra ciudad presentando el Documento Nacional de Identidad.<\/strong><\/p>\n<p>&nbsp;<\/p>\n<blockquote><p>Cualquier duda o consulta, podr\u00e1n acercarse a cualquiera de las cuatro postas ubicadas en: Servicio Territorial N\u00b02, Av. Alberdi 2543, de 8 a 18 hs; Facultad de Ciencias de la Salud, Merlo entre Av. Pringles y 9 de julio, de 8 a 18 hs; Centro Cultural Universitario, San Martin 1955, de 8 a 18 hs; y Mutual Carlos Alberto Moreno de Suteba, Collinet 4544, de 8 a 16 hs.<\/p><\/blockquote>\n<p>&nbsp;<\/p>\n<p><strong>Por otra parte, se agreg\u00f3 que este jueves se aplicaron 1716 vacunas contra el Covid-19<\/strong>. Las mismas fueron distribuidas de la siguiente manera: en el Centro Cultural Universitario se vacunaron 637 personas, de las cuales 635 corresponden a segundo componente y 2 a primeras dosis, en el Servicio Territorial N\u00b02 se aplicaron 445 vacunas de las cuales 83 corresponden a primeras dosis y 362 a segundo componente, en la Facultad de Ciencias de la Salud se inocularon 490 vecinas y vecinos con segundo componente, y en la Mutual Carlos Alberto Moreno de Suteba se vacunaron 144 personas completando esquemas con segunda dosis.<\/p>\n<p>&nbsp;<\/p>\n<p>A la par, <strong>contin\u00faa la inscripci\u00f3n a menores de 12 a 17 a\u00f1os<\/strong> a trav\u00e9s del sitio web <a href=\"http:\/\/www.vacunatepba.gba.gob.ar\" target=\"_blank\" rel=\"noopener\">www.vacunatepba.gba.gob.ar<\/a> para obtener el turno correspondiente y recibir la primera dosis, priorizando a quienes pertenecen a grupos de riesgo. Con respecto a las aplicaciones de <strong>segundas dosis, se recuerda que para recibir la aplicaci\u00f3n es \u00fanicamente por turnos<\/strong>, por lo que se le pide a los vecinos y vecinas que est\u00e9n atentos a las notificaciones que se env\u00edan desde el Ministerio de Salud provincial.<\/p>\n","protected":false},"excerpt":{"rendered":"<p>As\u00ed fue informado por Regi\u00f3n Sanitaria IX, desde donde se detall\u00f3 que este jueves se aplicaron m\u00e1s de 1700 dosis.<\/p>\n","protected":false},"author":3,"featured_media":20618,"comment_status":"closed","ping_status":"closed","sticky":false,"template":"","format":"standard","meta":{"_jetpack_memberships_contains_paid_content":false,"footnotes":""},"categories":[16,1],"tags":[],"class_list":["post-31650","post","type-post","status-publish","format-standard","has-post-thumbnail","hentry","category-covid-19","category-portada"],"jetpack_featured_media_url":"https:\/\/i0.wp.com\/cdnoticias.com\/wp-content\/uploads\/2021\/05\/vacuna-facultad-salud-00.jpg?fit=800%2C445&ssl=1","jetpack_sharing_enabled":true,"_links":{"self":[{"href":"https:\/\/cdnoticias.com\/index.php\/wp-json\/wp\/v2\/posts\/31650","targetHints":{"allow":["GET"]}}],"collection":[{"href":"https:\/\/cdnoticias.com\/index.php\/wp-json\/wp\/v2\/posts"}],"about":[{"href":"https:\/\/cdnoticias.com\/index.php\/wp-json\/wp\/v2\/types\/post"}],"author":[{"embeddable":true,"href":"https:\/\/cdnoticias.com\/index.php\/wp-json\/wp\/v2\/users\/3"}],"replies":[{"embeddable":true,"href":"https:\/\/cdnoticias.com\/index.php\/wp-json\/wp\/v2\/comments?post=31650"}],"version-history":[{"count":0,"href":"https:\/\/cdnoticias.com\/index.php\/wp-json\/wp\/v2\/posts\/31650\/revisions"}],"wp:featuredmedia":[{"embeddable":true,"href":"https:\/\/cdnoticias.com\/index.php\/wp-json\/wp\/v2\/media\/20618"}],"wp:attachment":[{"href":"https:\/\/cdnoticias.com\/index.php\/wp-json\/wp\/v2\/media?parent=31650"}],"wp:term":[{"taxonomy":"category","embeddable":true,"href":"https:\/\/cdnoticias.com\/index.php\/wp-json\/wp\/v2\/categories?post=31650"},{"taxonomy":"post_tag","embeddable":true,"href":"https:\/\/cdnoticias.com\/index.php\/wp-json\/wp\/v2\/tags?post=31650"}],"curies":[{"name":"wp","href":"https:\/\/api.w.org\/{rel}","templated":true}]}}