{"id":31637,"date":"2021-09-02T18:38:16","date_gmt":"2021-09-02T21:38:16","guid":{"rendered":"http:\/\/www.centraldenoticias.com.ar\/?p=31637"},"modified":"2021-09-02T18:38:16","modified_gmt":"2021-09-02T21:38:16","slug":"german-caputo-se-reunio-con-fernan-quiros","status":"publish","type":"post","link":"https:\/\/cdnoticias.com\/index.php\/2021\/09\/02\/german-caputo-se-reunio-con-fernan-quiros\/","title":{"rendered":"Germ\u00e1n Caputo se reuni\u00f3 con Fern\u00e1n Quir\u00f3s"},"content":{"rendered":"<p>Este jueves el secretario de Salud de Olavarr\u00eda se reuni\u00f3n con el Ministro de Salud porte\u00f1o en la Capital Federal.<!--more--><\/p>\n<hr \/>\n<p><strong>El Secretario de Salud del Gobierno Municipal, Germ\u00e1n Caputo, mantuvo una reuni\u00f3n este jueves con el Ministro de Salud de la Ciudad Aut\u00f3noma de Buenos Aires Fern\u00e1n Quir\u00f3s<\/strong>, la cual se llev\u00f3 a cabo en las oficinas del Ministerio de Salud de Buenos Aires.<\/p>\n<p>&nbsp;<\/p>\n<p>Tras la reuni\u00f3n, Caputo indic\u00f3: \u201cmantuvimos una excelente reuni\u00f3n de trabajo con Fern\u00e1n Quir\u00f3s en la que <strong>compartimos experiencias epidemiol\u00f3gicas, tanto de CABA como de Olavarr\u00eda\u201d.<\/strong><\/p>\n<p>&nbsp;<\/p>\n<p><img data-recalc-dims=\"1\" loading=\"lazy\" decoding=\"async\" class=\"alignnone size-full wp-image-31641\" src=\"https:\/\/i0.wp.com\/cdnoticias.com\/wp-content\/uploads\/2021\/09\/caputoquiros-2-e1630618646692.jpg?resize=734%2C428&#038;ssl=1\" alt=\"\" width=\"734\" height=\"428\" srcset=\"https:\/\/i0.wp.com\/cdnoticias.com\/wp-content\/uploads\/2021\/09\/caputoquiros-2-e1630618646692.jpg?w=734&amp;ssl=1 734w, https:\/\/i0.wp.com\/cdnoticias.com\/wp-content\/uploads\/2021\/09\/caputoquiros-2-e1630618646692.jpg?resize=300%2C175&amp;ssl=1 300w\" sizes=\"auto, (max-width: 734px) 100vw, 734px\" \/><\/p>\n<p>&nbsp;<\/p>\n<p>\u201cAdem\u00e1s, pudimos dialogar sobre el desarrollo de la pandemia del Covid-19 durante todo este tiempo y<strong> tambi\u00e9n analizamos c\u00f3mo ser\u00e1 la post pandemia en el pa\u00eds<\/strong>\u201d, agreg\u00f3 Germ\u00e1n Caputo.<\/p>\n<p>&nbsp;<\/p>\n<p>Finalmente, el Secretario de Salud del Gobierno Municipal asegur\u00f3 que<strong> \u201cquedamos en volver a reunirnos para intercambiar experiencias de gesti\u00f3n vinculadas a la salud p\u00fablica\u201d.<\/strong><\/p>\n","protected":false},"excerpt":{"rendered":"<p>Este jueves el secretario de Salud de Olavarr\u00eda se reuni\u00f3n con el Ministro de Salud porte\u00f1o en la Capital Federal.<\/p>\n","protected":false},"author":3,"featured_media":31642,"comment_status":"closed","ping_status":"closed","sticky":false,"template":"","format":"standard","meta":{"_jetpack_memberships_contains_paid_content":false,"footnotes":""},"categories":[5,1],"tags":[],"class_list":["post-31637","post","type-post","status-publish","format-standard","has-post-thumbnail","hentry","category-informacion-general","category-portada"],"jetpack_featured_media_url":"https:\/\/i0.wp.com\/cdnoticias.com\/wp-content\/uploads\/2021\/09\/caputoquiros-1-e1630618674214.jpg?fit=962%2C547&ssl=1","jetpack_sharing_enabled":true,"_links":{"self":[{"href":"https:\/\/cdnoticias.com\/index.php\/wp-json\/wp\/v2\/posts\/31637","targetHints":{"allow":["GET"]}}],"collection":[{"href":"https:\/\/cdnoticias.com\/index.php\/wp-json\/wp\/v2\/posts"}],"about":[{"href":"https:\/\/cdnoticias.com\/index.php\/wp-json\/wp\/v2\/types\/post"}],"author":[{"embeddable":true,"href":"https:\/\/cdnoticias.com\/index.php\/wp-json\/wp\/v2\/users\/3"}],"replies":[{"embeddable":true,"href":"https:\/\/cdnoticias.com\/index.php\/wp-json\/wp\/v2\/comments?post=31637"}],"version-history":[{"count":0,"href":"https:\/\/cdnoticias.com\/index.php\/wp-json\/wp\/v2\/posts\/31637\/revisions"}],"wp:featuredmedia":[{"embeddable":true,"href":"https:\/\/cdnoticias.com\/index.php\/wp-json\/wp\/v2\/media\/31642"}],"wp:attachment":[{"href":"https:\/\/cdnoticias.com\/index.php\/wp-json\/wp\/v2\/media?parent=31637"}],"wp:term":[{"taxonomy":"category","embeddable":true,"href":"https:\/\/cdnoticias.com\/index.php\/wp-json\/wp\/v2\/categories?post=31637"},{"taxonomy":"post_tag","embeddable":true,"href":"https:\/\/cdnoticias.com\/index.php\/wp-json\/wp\/v2\/tags?post=31637"}],"curies":[{"name":"wp","href":"https:\/\/api.w.org\/{rel}","templated":true}]}}