{"id":31636,"date":"2021-09-02T21:21:31","date_gmt":"2021-09-03T00:21:31","guid":{"rendered":"http:\/\/www.centraldenoticias.com.ar\/?p=31636"},"modified":"2021-09-02T22:30:52","modified_gmt":"2021-09-03T01:30:52","slug":"celeste-arouxet-hay-que-cuidar-a-olavarria-porque-esta-en-un-estado-delicado","status":"publish","type":"post","link":"https:\/\/cdnoticias.com\/index.php\/2021\/09\/02\/celeste-arouxet-hay-que-cuidar-a-olavarria-porque-esta-en-un-estado-delicado\/","title":{"rendered":"Celeste Arouxet: \u201cHay que cuidar a Olavarr\u00eda porque est\u00e1 en un estado delicado\u201d"},"content":{"rendered":"<p>La precandidata a concejal por \u201cAhora Olavarr\u00eda\u201d dentro del Frente Avanza Libertad, habl\u00f3 con Central de Noticias sobre la campa\u00f1a para las pr\u00f3ximas elecciones. El voto joven, la situaci\u00f3n de Olavarr\u00eda y las caracter\u00edsticas del espacio.<!--more--><\/p>\n<hr \/>\n<p>Celeste Arouxet construy\u00f3 junto a Guillermo Lascano el espacio <strong>\u201cAhora Olavarr\u00eda\u201d<\/strong> para participar de las pr\u00f3ximas elecciones primarias dentro del <strong>Frente Avanza Libertad liderado por Jos\u00e9 Luis Espert.<\/strong><\/p>\n<p>&nbsp;<\/p>\n<p>La precandidata a renovar su banca de concejal habl\u00f3 con <em>Central de Noticias<\/em> en la previa de los comicios y destac\u00f3 el respaldo recibido por <a href=\"https:\/\/cdnoticias.com\/index.php\/2021\/09\/01\/espert-el-liberalismo-es-el-remedio-para-la-enfermedad-llamada-populismo\/\" target=\"_blank\" rel=\"noopener\">el precandidato a diputado nacional Jos\u00e9 Luis Espert que lleg\u00f3 a Olavarr\u00eda durante la jornada del mi\u00e9rcoles<\/a>: <strong><em>\u201chubo mucha gente esper\u00e1ndolo. Se fue muy contento por c\u00f3mo lo recibi\u00f3 la gente\u201d.<\/em><\/strong><\/p>\n<p>&nbsp;<\/p>\n<p>Arouxet reconoci\u00f3 que <em>\u201ccuando lanzamos el partido yo era la m\u00e1s negativa y Guillermo Lascano (precandidato a concejal en segundo lugar), el m\u00e1s positivo\u201d<\/em>. Si bien <em>\u201cnosotros no venimos hace dos meses visitando a la gente. Hace 4 a\u00f1os que lo hago por mi trabajo como concejal porque es lo que m\u00e1s me interesa\u201d<\/em>, se\u00f1al\u00f3 que observ\u00f3 en la gente <strong><em>\u201cun gran descontento con la pol\u00edtica en general\u201d.<\/em><\/strong><\/p>\n<p>&nbsp;<\/p>\n<p><img data-recalc-dims=\"1\" loading=\"lazy\" decoding=\"async\" class=\"alignnone size-full wp-image-31645\" src=\"https:\/\/i0.wp.com\/cdnoticias.com\/wp-content\/uploads\/2021\/09\/239383763_227233882742645_4340408110000559891_n.jpg?resize=800%2C532&#038;ssl=1\" alt=\"\" width=\"800\" height=\"532\" srcset=\"https:\/\/i0.wp.com\/cdnoticias.com\/wp-content\/uploads\/2021\/09\/239383763_227233882742645_4340408110000559891_n.jpg?w=2048&amp;ssl=1 2048w, https:\/\/i0.wp.com\/cdnoticias.com\/wp-content\/uploads\/2021\/09\/239383763_227233882742645_4340408110000559891_n.jpg?resize=300%2C200&amp;ssl=1 300w, https:\/\/i0.wp.com\/cdnoticias.com\/wp-content\/uploads\/2021\/09\/239383763_227233882742645_4340408110000559891_n.jpg?resize=768%2C511&amp;ssl=1 768w, https:\/\/i0.wp.com\/cdnoticias.com\/wp-content\/uploads\/2021\/09\/239383763_227233882742645_4340408110000559891_n.jpg?resize=1024%2C682&amp;ssl=1 1024w, https:\/\/i0.wp.com\/cdnoticias.com\/wp-content\/uploads\/2021\/09\/239383763_227233882742645_4340408110000559891_n.jpg?resize=272%2C182&amp;ssl=1 272w, https:\/\/i0.wp.com\/cdnoticias.com\/wp-content\/uploads\/2021\/09\/239383763_227233882742645_4340408110000559891_n.jpg?w=1600&amp;ssl=1 1600w\" sizes=\"auto, (max-width: 800px) 100vw, 800px\" \/><\/p>\n<p>&nbsp;<\/p>\n<p>En ese sentido, se mostr\u00f3 sorprendida por la respuesta obtenida pese <em>\u201cal poco tiempo que tiene Ahora Olavarr\u00eda\u201d.<\/em> Indic\u00f3 que <strong><em>\u201ctodos los d\u00edas viene gente nueva, gente laburante, que quieren que las cosas cambien\u201d.<\/em><\/strong><\/p>\n<p>&nbsp;<\/p>\n<blockquote><p>\u201cLa pandemia demostr\u00f3 la falta de empat\u00eda de la pol\u00edtica con la gente\u201d, afirm\u00f3 y agreg\u00f3: \u201cla gente est\u00e1 muy descontenta con la pol\u00edtica y encontr\u00f3 en nuestro espacio una posibilidad de participar y de pertenecer\u201d.<\/p><\/blockquote>\n<p>&nbsp;<\/p>\n<p>Destac\u00f3 como valor del espacio que <em>\u201ctodos venimos de abajo, laburamos, conocemos los problemas, no vamos a tirar ideas sin conocimiento como pasa muchas veces\u201d.<\/em><\/p>\n<p>&nbsp;<\/p>\n<p><b>La participaci\u00f3n de los j\u00f3venes<\/b><\/p>\n<p>&nbsp;<\/p>\n<p>Uno de los aspectos distintivos del frente que lidera Jos\u00e9 Luis Espert tiene sus bases en la atracci\u00f3n que generan sus ideas liberales en los m\u00e1s j\u00f3venes.<\/p>\n<p>&nbsp;<\/p>\n<p>Tal es as\u00ed, que Arouxet indic\u00f3 que <strong><em>\u201cla participaci\u00f3n de los j\u00f3venes nos viene llamando la atenci\u00f3n desde el d\u00eda que abrimos el local: todos los d\u00edas se van agregando chicos\u201d<\/em><\/strong> y reconoci\u00f3 que <em>\u201cse comunican mucho a trav\u00e9s de las redes sociales. Tal es as\u00ed que yo no era mucho de las redes sociales y ahora estoy empezando a manejar Instagram\u201d.<\/em><\/p>\n<p>&nbsp;<\/p>\n<p>\u201cEstamos armando la juventud de Ahora Olavarr\u00eda. Muchas cosas se dieron en el corto plazo y nosotros las imagin\u00e1bamos para el largo plazo\u201d, afirm\u00f3.<\/p>\n<p>&nbsp;<\/p>\n<p><img data-recalc-dims=\"1\" loading=\"lazy\" decoding=\"async\" class=\"alignnone size-full wp-image-31644\" src=\"https:\/\/i0.wp.com\/cdnoticias.com\/wp-content\/uploads\/2021\/09\/240533423_232950678837632_902506897435410842_n.jpg?resize=800%2C534&#038;ssl=1\" alt=\"\" width=\"800\" height=\"534\" srcset=\"https:\/\/i0.wp.com\/cdnoticias.com\/wp-content\/uploads\/2021\/09\/240533423_232950678837632_902506897435410842_n.jpg?w=1280&amp;ssl=1 1280w, https:\/\/i0.wp.com\/cdnoticias.com\/wp-content\/uploads\/2021\/09\/240533423_232950678837632_902506897435410842_n.jpg?resize=300%2C200&amp;ssl=1 300w, https:\/\/i0.wp.com\/cdnoticias.com\/wp-content\/uploads\/2021\/09\/240533423_232950678837632_902506897435410842_n.jpg?resize=768%2C512&amp;ssl=1 768w, https:\/\/i0.wp.com\/cdnoticias.com\/wp-content\/uploads\/2021\/09\/240533423_232950678837632_902506897435410842_n.jpg?resize=1024%2C683&amp;ssl=1 1024w, https:\/\/i0.wp.com\/cdnoticias.com\/wp-content\/uploads\/2021\/09\/240533423_232950678837632_902506897435410842_n.jpg?resize=272%2C182&amp;ssl=1 272w\" sizes=\"auto, (max-width: 800px) 100vw, 800px\" \/><\/p>\n<p>&nbsp;<\/p>\n<p>Manifest\u00f3 que el objetivo<em> \u201ccomo espacio que reci\u00e9n arranca\u00a0es poder superar el piso del 1,5%\u201d<\/em>. Aunque se\u00f1al\u00f3 que \u201c<em><strong>m\u00e1s all\u00e1 de eso, nuestro objetivo principal es a largo plazo<\/strong>. Queremos un partido sin banderas partidarias donde se sume la gente y donde se priorice lo local\u201d.<\/em><\/p>\n<p>&nbsp;<\/p>\n<p>Enfatiz\u00f3 en que<em> \u201chay que cuidar a Olavarr\u00eda porque est\u00e1 en un estado delicado\u201d<\/em> y detall\u00f3: \u201c<em>con una situaci\u00f3n patrimonial y econ\u00f3mica m\u00e1s que comprometida.<strong> Las cuentas no est\u00e1n bien, los n\u00fameros no est\u00e1n bien y sobre todo la inversi\u00f3n no existe. Una ciudad sin inversi\u00f3n, es una ciudad sin futuro<\/strong>\u201d.<\/em><\/p>\n<p>&nbsp;<\/p>\n<p>Y concluy\u00f3: <em>\u201cEstamos creando una fundaci\u00f3n, as\u00ed que m\u00e1s all\u00e1 de cu\u00e1l sea el resultado, vamos a seguir trabajando para que Olavarr\u00eda crezca\u201d.<\/em><\/p>\n","protected":false},"excerpt":{"rendered":"<p>La precandidata a concejal por \u201cAhora Olavarr\u00eda\u201d dentro del Frente Avanza Libertad, habl\u00f3 con Central de Noticias sobre la campa\u00f1a<\/p>\n","protected":false},"author":5,"featured_media":31646,"comment_status":"closed","ping_status":"closed","sticky":false,"template":"","format":"standard","meta":{"_jetpack_memberships_contains_paid_content":false,"footnotes":""},"categories":[4,1],"tags":[],"class_list":["post-31636","post","type-post","status-publish","format-standard","has-post-thumbnail","hentry","category-politica","category-portada"],"jetpack_featured_media_url":"https:\/\/i0.wp.com\/cdnoticias.com\/wp-content\/uploads\/2021\/09\/Espert-Arouxet.jpg?fit=800%2C445&ssl=1","jetpack_sharing_enabled":true,"_links":{"self":[{"href":"https:\/\/cdnoticias.com\/index.php\/wp-json\/wp\/v2\/posts\/31636","targetHints":{"allow":["GET"]}}],"collection":[{"href":"https:\/\/cdnoticias.com\/index.php\/wp-json\/wp\/v2\/posts"}],"about":[{"href":"https:\/\/cdnoticias.com\/index.php\/wp-json\/wp\/v2\/types\/post"}],"author":[{"embeddable":true,"href":"https:\/\/cdnoticias.com\/index.php\/wp-json\/wp\/v2\/users\/5"}],"replies":[{"embeddable":true,"href":"https:\/\/cdnoticias.com\/index.php\/wp-json\/wp\/v2\/comments?post=31636"}],"version-history":[{"count":0,"href":"https:\/\/cdnoticias.com\/index.php\/wp-json\/wp\/v2\/posts\/31636\/revisions"}],"wp:featuredmedia":[{"embeddable":true,"href":"https:\/\/cdnoticias.com\/index.php\/wp-json\/wp\/v2\/media\/31646"}],"wp:attachment":[{"href":"https:\/\/cdnoticias.com\/index.php\/wp-json\/wp\/v2\/media?parent=31636"}],"wp:term":[{"taxonomy":"category","embeddable":true,"href":"https:\/\/cdnoticias.com\/index.php\/wp-json\/wp\/v2\/categories?post=31636"},{"taxonomy":"post_tag","embeddable":true,"href":"https:\/\/cdnoticias.com\/index.php\/wp-json\/wp\/v2\/tags?post=31636"}],"curies":[{"name":"wp","href":"https:\/\/api.w.org\/{rel}","templated":true}]}}