{"id":31618,"date":"2021-09-02T16:32:51","date_gmt":"2021-09-02T19:32:51","guid":{"rendered":"http:\/\/www.centraldenoticias.com.ar\/?p=31618"},"modified":"2021-09-02T16:32:51","modified_gmt":"2021-09-02T19:32:51","slug":"lujan-barrios-gordo-q-e-p-d","status":"publish","type":"post","link":"https:\/\/cdnoticias.com\/index.php\/2021\/09\/02\/lujan-barrios-gordo-q-e-p-d\/","title":{"rendered":"Luj\u00e1n Barrios \u201cGordo\u201d (Q.E.P.D.)"},"content":{"rendered":"<p>Falleci\u00f3 en Olavarr\u00eda el 2 de septiembre a los 73 a\u00f1os. Sus restos ser\u00e1n velados en Espa\u00f1a 2942, departamento &#8220;A&#8221; (comienza el 3 de septiembre a las 7:30) y ser\u00e1n inhumados en el cementerio Loma de Paz, a las 9:30.<\/p>\n<p>&nbsp;<\/p>\n<p>Vecino de Villa Maillin. Nacido en Entre R\u00edos. Jubilado.<\/p>\n","protected":false},"excerpt":{"rendered":"<p>Falleci\u00f3 en Olavarr\u00eda el 2 de septiembre a los 73 a\u00f1os. Sus restos ser\u00e1n velados en Espa\u00f1a 2942, departamento &#8220;A&#8221;<\/p>\n","protected":false},"author":5,"featured_media":0,"comment_status":"closed","ping_status":"closed","sticky":false,"template":"","format":"standard","meta":{"_jetpack_memberships_contains_paid_content":false,"footnotes":""},"categories":[10],"tags":[],"class_list":["post-31618","post","type-post","status-publish","format-standard","hentry","category-necrologicas"],"jetpack_featured_media_url":"","jetpack_sharing_enabled":true,"_links":{"self":[{"href":"https:\/\/cdnoticias.com\/index.php\/wp-json\/wp\/v2\/posts\/31618","targetHints":{"allow":["GET"]}}],"collection":[{"href":"https:\/\/cdnoticias.com\/index.php\/wp-json\/wp\/v2\/posts"}],"about":[{"href":"https:\/\/cdnoticias.com\/index.php\/wp-json\/wp\/v2\/types\/post"}],"author":[{"embeddable":true,"href":"https:\/\/cdnoticias.com\/index.php\/wp-json\/wp\/v2\/users\/5"}],"replies":[{"embeddable":true,"href":"https:\/\/cdnoticias.com\/index.php\/wp-json\/wp\/v2\/comments?post=31618"}],"version-history":[{"count":0,"href":"https:\/\/cdnoticias.com\/index.php\/wp-json\/wp\/v2\/posts\/31618\/revisions"}],"wp:attachment":[{"href":"https:\/\/cdnoticias.com\/index.php\/wp-json\/wp\/v2\/media?parent=31618"}],"wp:term":[{"taxonomy":"category","embeddable":true,"href":"https:\/\/cdnoticias.com\/index.php\/wp-json\/wp\/v2\/categories?post=31618"},{"taxonomy":"post_tag","embeddable":true,"href":"https:\/\/cdnoticias.com\/index.php\/wp-json\/wp\/v2\/tags?post=31618"}],"curies":[{"name":"wp","href":"https:\/\/api.w.org\/{rel}","templated":true}]}}