{"id":31562,"date":"2021-09-02T08:59:46","date_gmt":"2021-09-02T11:59:46","guid":{"rendered":"http:\/\/www.centraldenoticias.com.ar\/?p=31562"},"modified":"2021-09-02T10:29:28","modified_gmt":"2021-09-02T13:29:28","slug":"queremos-que-el-trabajo-se-reconozca-no-con-premios-sino-con-reglas-claras","status":"publish","type":"post","link":"https:\/\/cdnoticias.com\/index.php\/2021\/09\/02\/queremos-que-el-trabajo-se-reconozca-no-con-premios-sino-con-reglas-claras\/","title":{"rendered":"\u201cQueremos que el trabajo se reconozca no con premios sino con reglas claras\u201d"},"content":{"rendered":"<p>En el D\u00eda de la Industria, directivos de la Uni\u00f3n Industrial de Olavarr\u00eda se expresaron sobre la actividad y sobre el desarrollo institucional.<!--more--><\/p>\n<hr \/>\n<p><strong>La Uni\u00f3n Industrial Olavarr\u00eda (UIO) dese\u00f3 \u201cFeliz D\u00eda de la Industria\u201d<\/strong> a sus socios ya que este jueves, 2 de septiembre, se celebra la jornada.<\/p>\n<p>&nbsp;<\/p>\n<p><strong>\u201cQueremos enviarles un afectuoso saludo a todos nuestros asociados\u201d<\/strong> y en representaci\u00f3n de todos los integrantes de la UIO se expresaron distintas autoridades de la instituci\u00f3n.<\/p>\n<p>&nbsp;<\/p>\n<blockquote><p>\u201cLa industria es el motor de la econom\u00eda, la que genera empleo genuino y un c\u00edrculo virtuoso. Estamos convencidos que si no hay industria no hay comercio, ya que cualquier puesto de trabajo que se genera en nuestro sector vuelve a la econom\u00eda en mano de obra, incluso al propio estado con mayor recaudaci\u00f3n de impuestos. Por este motivo, hoy es un d\u00eda muy especial, en el cual queremos saludar a los industriales y darles el apoyo y las herramientas que necesitan para allanarles el camino y que puedan ocuparse exclusivamente de sus negocios. Como industriales queremos que el trabajo se reconozca no con premios sino con reglas claras para poder invertir y seguir apostando en nuestro pa\u00eds\u201d. Cesar Longo, presidente.<\/p><\/blockquote>\n<p>&nbsp;<\/p>\n<p>\u201cFestejemos y renovemos en <strong>este d\u00eda el esp\u00edritu industrial que caracteriza a nuestra ciudad<\/strong>. Acostumbrados a hacerle frente a los desaf\u00edos, los industriales continuaremos la senda del desarrollo con iniciativa e ingenio y mucho trabajo\u201d. <strong>Sergio Corso, secretario de la UIO<\/strong>.<\/p>\n<p>&nbsp;<\/p>\n<figure id=\"attachment_30289\" aria-describedby=\"caption-attachment-30289\" style=\"width: 800px\" class=\"wp-caption aligncenter\"><img data-recalc-dims=\"1\" loading=\"lazy\" decoding=\"async\" class=\"wp-image-30289 size-full\" src=\"https:\/\/i0.wp.com\/cdnoticias.com\/wp-content\/uploads\/2021\/08\/Union-Industrial-Juan-Fera-03.jpg?resize=800%2C445&#038;ssl=1\" alt=\"\" width=\"800\" height=\"445\" srcset=\"https:\/\/i0.wp.com\/cdnoticias.com\/wp-content\/uploads\/2021\/08\/Union-Industrial-Juan-Fera-03.jpg?w=800&amp;ssl=1 800w, https:\/\/i0.wp.com\/cdnoticias.com\/wp-content\/uploads\/2021\/08\/Union-Industrial-Juan-Fera-03.jpg?resize=300%2C167&amp;ssl=1 300w, https:\/\/i0.wp.com\/cdnoticias.com\/wp-content\/uploads\/2021\/08\/Union-Industrial-Juan-Fera-03.jpg?resize=768%2C427&amp;ssl=1 768w\" sizes=\"auto, (max-width: 800px) 100vw, 800px\" \/><figcaption id=\"caption-attachment-30289\" class=\"wp-caption-text\">C\u00e9sar Longo y Sergio Corso, titulares de la UIO, junto a Juan Fera, de la Uni\u00f3n Industrial de General Rodr\u00edguez.<\/figcaption><\/figure>\n<p>&nbsp;<\/p>\n<p>\u201cPara m\u00ed la industria es una forma de vida que hered\u00e9 de mis padres. Venimos de meses de muchas dificultades, pero da la sensaci\u00f3n de que <strong>se vislumbra una mejor\u00eda para todos<\/strong>. Ojal\u00e1 los indicios que estamos viendo se mantengan. Un saludo a todos mis colegas\u201d. <strong>Hern\u00e1n Parra, integrante de comisi\u00f3n directiva<\/strong>.<\/p>\n<p>&nbsp;<\/p>\n<p>\u201cTenemos un buen presente y un panorama de futuro alentador. Fueron tiempos dif\u00edciles con la pandemia, pero <strong>en el futuro tenemos el proyecto de desembarcar en las industrias locales<\/strong>, estamos muy conformes con el trabajo que estamos haciendo en la UIO\u201d. <strong>Ignacio Spinella, integrante de comisi\u00f3n directiva.<\/strong><\/p>\n<p>&nbsp;<\/p>\n<p>\u201cDesde la Uni\u00f3n industrial queremos saludar a todos nuestros colegas en su d\u00eda y agradecerles que en buenos y malos momentos, d\u00eda a d\u00eda, pongan a disposici\u00f3n su capacidad, su creatividad y su esfuerzo para <strong>generar empleo genuino<\/strong>. Sin duda la industria es el motor de nuestro pa\u00eds y gran parte de esto se lo debemos al compromiso de los industriales. \u00a1Muy feliz d\u00eda!\u201d. <strong>Jorge Sobarzo, integrante de comisi\u00f3n directiva<\/strong>.<\/p>\n","protected":false},"excerpt":{"rendered":"<p>En el D\u00eda de la Industria, directivos de la Uni\u00f3n Industrial de Olavarr\u00eda se expresaron sobre la actividad y sobre<\/p>\n","protected":false},"author":4,"featured_media":31561,"comment_status":"closed","ping_status":"closed","sticky":false,"template":"","format":"standard","meta":{"_jetpack_memberships_contains_paid_content":false,"footnotes":""},"categories":[5,1],"tags":[],"class_list":["post-31562","post","type-post","status-publish","format-standard","has-post-thumbnail","hentry","category-informacion-general","category-portada"],"jetpack_featured_media_url":"https:\/\/i0.wp.com\/cdnoticias.com\/wp-content\/uploads\/2021\/09\/union-industrial-generica-02.jpg?fit=800%2C445&ssl=1","jetpack_sharing_enabled":true,"_links":{"self":[{"href":"https:\/\/cdnoticias.com\/index.php\/wp-json\/wp\/v2\/posts\/31562","targetHints":{"allow":["GET"]}}],"collection":[{"href":"https:\/\/cdnoticias.com\/index.php\/wp-json\/wp\/v2\/posts"}],"about":[{"href":"https:\/\/cdnoticias.com\/index.php\/wp-json\/wp\/v2\/types\/post"}],"author":[{"embeddable":true,"href":"https:\/\/cdnoticias.com\/index.php\/wp-json\/wp\/v2\/users\/4"}],"replies":[{"embeddable":true,"href":"https:\/\/cdnoticias.com\/index.php\/wp-json\/wp\/v2\/comments?post=31562"}],"version-history":[{"count":0,"href":"https:\/\/cdnoticias.com\/index.php\/wp-json\/wp\/v2\/posts\/31562\/revisions"}],"wp:featuredmedia":[{"embeddable":true,"href":"https:\/\/cdnoticias.com\/index.php\/wp-json\/wp\/v2\/media\/31561"}],"wp:attachment":[{"href":"https:\/\/cdnoticias.com\/index.php\/wp-json\/wp\/v2\/media?parent=31562"}],"wp:term":[{"taxonomy":"category","embeddable":true,"href":"https:\/\/cdnoticias.com\/index.php\/wp-json\/wp\/v2\/categories?post=31562"},{"taxonomy":"post_tag","embeddable":true,"href":"https:\/\/cdnoticias.com\/index.php\/wp-json\/wp\/v2\/tags?post=31562"}],"curies":[{"name":"wp","href":"https:\/\/api.w.org\/{rel}","templated":true}]}}