{"id":3155,"date":"2020-10-04T13:52:25","date_gmt":"2020-10-04T16:52:25","guid":{"rendered":"http:\/\/www.centraldenoticias.com.ar\/?p=3155"},"modified":"2020-10-04T14:17:30","modified_gmt":"2020-10-04T17:17:30","slug":"mesa-de-emergencia-crearan-un-padron-de-vecinos-y-vecinas-sin-vivienda","status":"publish","type":"post","link":"https:\/\/cdnoticias.com\/index.php\/2020\/10\/04\/mesa-de-emergencia-crearan-un-padron-de-vecinos-y-vecinas-sin-vivienda\/","title":{"rendered":"Mesa de Emergencia: Crear\u00e1n un padr\u00f3n de vecinos y vecinas sin vivienda"},"content":{"rendered":"<p>&nbsp;<\/p>\n<p>As\u00ed fue decidido en la asamblea realizada durante la tarde del s\u00e1bado. Continuar\u00e1n con el acampe frente a la Municipalidad y llevar\u00e1n el reclamo al Concejo Deliberante. Pedir\u00e1n la implementaci\u00f3n de Ley 14.449 de Acceso Justo al H\u00e1bitat.<!--more--><\/p>\n<hr \/>\n<p>Durante la jornada del s\u00e1bado, la Mesa de Emergencia junto a las familias que reclaman por mejores condiciones habitacionales, agrupaciones sociales, pol\u00edticas, culturales, referentes territoriales, de Sociedades de Fomento y Juntas Vecinales, llevaron adelante una<a href=\"https:\/\/cdnoticias.com\/index.php\/2020\/10\/03\/mesa-de-emergencia-es-mas-de-lo-mismo-siguen-haciendo-promesas\/\" target=\"_blank\" rel=\"noopener\"> asamblea que reuni\u00f3 m\u00e1s de 50 personas.<\/a><\/p>\n<p>&nbsp;<\/p>\n<p>El objetivo fue debatir sobre la situaci\u00f3n habitacional y de alimentaci\u00f3n que atraviesan familias de Olavarr\u00eda y las localidades. En di\u00e1logo con Central de Noticias, <strong>Mart\u00edn Rold\u00e1n, integrante de la Mesa asegur\u00f3 que <em>\u201cla intenci\u00f3n es determinar c\u00f3mo sigue el reclamo. El objetivo es que las familias sean parte del proceso de asamblea\u201d.<\/em><\/strong><\/p>\n<p>&nbsp;<\/p>\n<p>En ese sentido, este domingo se inform\u00f3 que se decidieron distintas l\u00edneas de acci\u00f3n. En primer lugar, aseguraron que<strong> continuar\u00e1n con el acampe frente a la Municipalidad.<\/strong> Acci\u00f3n que llevar\u00e1n adelante<em> \u201chasta recibir concretas soluciones en los casos puntuales presentados. Los apoyos recibidos en la asamblea garantizan esta permanencia y colaboran a su sostenimiento\u201d<\/em>, se\u00f1alaron.<\/p>\n<p>&nbsp;<\/p>\n<p><img data-recalc-dims=\"1\" loading=\"lazy\" decoding=\"async\" class=\"alignnone size-large wp-image-3100\" src=\"https:\/\/i0.wp.com\/cdnoticias.com\/wp-content\/uploads\/2020\/10\/mesaemergenciaasamblea4.jpg?resize=800%2C600&#038;ssl=1\" alt=\"\" width=\"800\" height=\"600\" srcset=\"https:\/\/i0.wp.com\/cdnoticias.com\/wp-content\/uploads\/2020\/10\/mesaemergenciaasamblea4.jpg?resize=1024%2C768&amp;ssl=1 1024w, https:\/\/i0.wp.com\/cdnoticias.com\/wp-content\/uploads\/2020\/10\/mesaemergenciaasamblea4.jpg?resize=300%2C225&amp;ssl=1 300w, https:\/\/i0.wp.com\/cdnoticias.com\/wp-content\/uploads\/2020\/10\/mesaemergenciaasamblea4.jpg?resize=768%2C576&amp;ssl=1 768w, https:\/\/i0.wp.com\/cdnoticias.com\/wp-content\/uploads\/2020\/10\/mesaemergenciaasamblea4.jpg?w=1152&amp;ssl=1 1152w\" sizes=\"auto, (max-width: 800px) 100vw, 800px\" \/><\/p>\n<p>&nbsp;<\/p>\n<blockquote><p>Por otra parte, decidieron conformar un padr\u00f3n de vecinas y vecinos sin vivienda propia en la ciudad. Aseguraron que \u201cla gran red de referencias en barrios presentes en la asamblea agilizar\u00e1 la creaci\u00f3n de este padr\u00f3n en menor tiempo\u201d.<\/p><\/blockquote>\n<p>&nbsp;<\/p>\n<p>Por \u00faltimo, indicaron que presentar\u00e1n ante el Honorable Concejo Deliberante, un proyecto de resoluci\u00f3n para que se solicite al Ejecutivo Municipal, <em>\u201cla implementaci\u00f3n al proyecto de ordenanza N\u00b0 3916\/15, sobre \u201cLA GESTI\u00d3N DEMOCR\u00c1TICA DE LA CIUDAD. CREACI\u00d3N DEL CONSEJO\u201d, de conformidad con la Ley 14.449 de Acceso Justo al H\u00e1bitat. Mediante la cual se deber\u00eda <strong>conformar el Consejo local de h\u00e1bitat, vivienda y derecho a la ciudad, donde las organizaciones sociales tengamos participaci\u00f3n directa y activa<\/strong> en la implementaci\u00f3n de dicha la ley\u201d.<\/em><\/p>\n<p>&nbsp;<\/p>\n<p><img data-recalc-dims=\"1\" loading=\"lazy\" decoding=\"async\" class=\"alignnone size-large wp-image-2871\" src=\"https:\/\/i0.wp.com\/cdnoticias.com\/wp-content\/uploads\/2020\/09\/carpamesadeemergencia01.jpg?resize=800%2C529&#038;ssl=1\" alt=\"\" width=\"800\" height=\"529\" srcset=\"https:\/\/i0.wp.com\/cdnoticias.com\/wp-content\/uploads\/2020\/09\/carpamesadeemergencia01.jpg?resize=1024%2C677&amp;ssl=1 1024w, https:\/\/i0.wp.com\/cdnoticias.com\/wp-content\/uploads\/2020\/09\/carpamesadeemergencia01.jpg?resize=300%2C198&amp;ssl=1 300w, https:\/\/i0.wp.com\/cdnoticias.com\/wp-content\/uploads\/2020\/09\/carpamesadeemergencia01.jpg?resize=768%2C508&amp;ssl=1 768w, https:\/\/i0.wp.com\/cdnoticias.com\/wp-content\/uploads\/2020\/09\/carpamesadeemergencia01.jpg?w=1152&amp;ssl=1 1152w\" sizes=\"auto, (max-width: 800px) 100vw, 800px\" \/><\/p>\n<p>&nbsp;<\/p>\n<p>Debido a este \u00faltimo punto, explicaron que realizar\u00e1n en el acampe\u00a0<strong>jornadas de formaci\u00f3n sobre la Ley de Acceso Justo al H\u00e1bitat,<\/strong>\u00a0para concretar una mayor difusi\u00f3n de la ley. La actividad estar\u00e1 a cargo de una arquitecta que estuvo presente en la asamblea.<\/p>\n<p>&nbsp;<\/p>\n<p><em>\u201cLa lucha es hoy, es m\u00e1s que necesaria. No nos vamos hasta que no se hagan cargo\u201d<\/em>, finalizaron el comunicado.<\/p>\n","protected":false},"excerpt":{"rendered":"<p>&nbsp; As\u00ed fue decidido en la asamblea realizada durante la tarde del s\u00e1bado. Continuar\u00e1n con el acampe frente a la<\/p>\n","protected":false},"author":5,"featured_media":3101,"comment_status":"closed","ping_status":"closed","sticky":false,"template":"","format":"standard","meta":{"_jetpack_memberships_contains_paid_content":false,"footnotes":""},"categories":[5,1],"tags":[],"class_list":["post-3155","post","type-post","status-publish","format-standard","has-post-thumbnail","hentry","category-informacion-general","category-portada"],"jetpack_featured_media_url":"https:\/\/i0.wp.com\/cdnoticias.com\/wp-content\/uploads\/2020\/10\/mesaemergenciaasamblea5.jpg?fit=1152%2C864&ssl=1","jetpack_sharing_enabled":true,"_links":{"self":[{"href":"https:\/\/cdnoticias.com\/index.php\/wp-json\/wp\/v2\/posts\/3155","targetHints":{"allow":["GET"]}}],"collection":[{"href":"https:\/\/cdnoticias.com\/index.php\/wp-json\/wp\/v2\/posts"}],"about":[{"href":"https:\/\/cdnoticias.com\/index.php\/wp-json\/wp\/v2\/types\/post"}],"author":[{"embeddable":true,"href":"https:\/\/cdnoticias.com\/index.php\/wp-json\/wp\/v2\/users\/5"}],"replies":[{"embeddable":true,"href":"https:\/\/cdnoticias.com\/index.php\/wp-json\/wp\/v2\/comments?post=3155"}],"version-history":[{"count":0,"href":"https:\/\/cdnoticias.com\/index.php\/wp-json\/wp\/v2\/posts\/3155\/revisions"}],"wp:featuredmedia":[{"embeddable":true,"href":"https:\/\/cdnoticias.com\/index.php\/wp-json\/wp\/v2\/media\/3101"}],"wp:attachment":[{"href":"https:\/\/cdnoticias.com\/index.php\/wp-json\/wp\/v2\/media?parent=3155"}],"wp:term":[{"taxonomy":"category","embeddable":true,"href":"https:\/\/cdnoticias.com\/index.php\/wp-json\/wp\/v2\/categories?post=3155"},{"taxonomy":"post_tag","embeddable":true,"href":"https:\/\/cdnoticias.com\/index.php\/wp-json\/wp\/v2\/tags?post=3155"}],"curies":[{"name":"wp","href":"https:\/\/api.w.org\/{rel}","templated":true}]}}