{"id":31458,"date":"2021-09-01T12:36:35","date_gmt":"2021-09-01T15:36:35","guid":{"rendered":"http:\/\/www.centraldenoticias.com.ar\/?p=31458"},"modified":"2021-09-02T09:02:01","modified_gmt":"2021-09-02T12:02:01","slug":"martin-lousteau-estara-en-olavarria-este-jueves","status":"publish","type":"post","link":"https:\/\/cdnoticias.com\/index.php\/2021\/09\/01\/martin-lousteau-estara-en-olavarria-este-jueves\/","title":{"rendered":"Mart\u00edn Lousteau estar\u00e1 en Olavarr\u00eda este jueves"},"content":{"rendered":"<p>Ser\u00e1 otra de las visitas importantes en el marco de la campa\u00f1a. Vendr\u00e1 para manifestar apoyo a la lista encabezada por Bel\u00e9n Vergel y Sebasti\u00e1n Matrella.\u00a0<!--more--><\/p>\n<hr \/>\n<p>En una campa\u00f1a at\u00edpica no s\u00f3lo por la pandemia sino por la importante cantidad de visitas de dirigentes pol\u00edticos, <strong>este jueves el senador nacional Mart\u00edn Lousteau visitar\u00e1 la ciudad para acompa\u00f1ar la lista de Dar el Paso, encabezada por Bel\u00e9n Vergel y Sebasti\u00e1n Matrella.<\/strong><\/p>\n<p>&nbsp;<\/p>\n<p>Seg\u00fan logr\u00f3 saber Central de Noticias,<strong> se estima una recorrida por sectores productivos de la ciudad en horas de la ma\u00f1ana y, adem\u00e1s, se realizar\u00e1 la correspondiente atenci\u00f3n a los medios en el restaurante &#8220;Munich&#8221; a las 10 de la ma\u00f1ana.<\/strong><\/p>\n<p>&nbsp;<\/p>\n<p>Desde el radicalismo valoraron la llegada del senador nacional dado que <em>&#8220;en esta campa\u00f1a de las PASO Lousteau estar\u00e1 solamente en Mar del Plata y Olavarr\u00eda, en una clara se\u00f1al de la importancia de nuestra ciudad en la elecci\u00f3n&#8221;.<\/em><\/p>\n<p>&nbsp;<\/p>\n<p>Cabe aclarar que el economista no es candidato pero <strong>se volvi\u00f3 una importante referencia dentro del radicalismo, lugar que tiene como principal precandidato a diputado nacional al neur\u00f3logo Facundo Manes.<\/strong><\/p>\n<p>&nbsp;<\/p>\n<p>De esta forma un nuevo dirigente de alcance nacional llegar\u00e1 a nuestra ciudad a acompa\u00f1ar las candidaturas no s\u00f3lo de Vergel y Matrella sino tambi\u00e9n del precandidato a senador Alejandro Cellillo.<\/p>\n","protected":false},"excerpt":{"rendered":"<p>Ser\u00e1 otra de las visitas importantes en el marco de la campa\u00f1a. Vendr\u00e1 para manifestar apoyo a la lista encabezada<\/p>\n","protected":false},"author":2,"featured_media":31459,"comment_status":"closed","ping_status":"closed","sticky":false,"template":"","format":"standard","meta":{"_jetpack_memberships_contains_paid_content":false,"footnotes":""},"categories":[4,1],"tags":[],"class_list":["post-31458","post","type-post","status-publish","format-standard","has-post-thumbnail","hentry","category-politica","category-portada"],"jetpack_featured_media_url":"https:\/\/i0.wp.com\/cdnoticias.com\/wp-content\/uploads\/2021\/09\/martin-lousteau-en-la-entrevista-de-fontevecchia-en-diario-perfil-688377.jpg?fit=950%2C534&ssl=1","jetpack_sharing_enabled":true,"_links":{"self":[{"href":"https:\/\/cdnoticias.com\/index.php\/wp-json\/wp\/v2\/posts\/31458","targetHints":{"allow":["GET"]}}],"collection":[{"href":"https:\/\/cdnoticias.com\/index.php\/wp-json\/wp\/v2\/posts"}],"about":[{"href":"https:\/\/cdnoticias.com\/index.php\/wp-json\/wp\/v2\/types\/post"}],"author":[{"embeddable":true,"href":"https:\/\/cdnoticias.com\/index.php\/wp-json\/wp\/v2\/users\/2"}],"replies":[{"embeddable":true,"href":"https:\/\/cdnoticias.com\/index.php\/wp-json\/wp\/v2\/comments?post=31458"}],"version-history":[{"count":0,"href":"https:\/\/cdnoticias.com\/index.php\/wp-json\/wp\/v2\/posts\/31458\/revisions"}],"wp:featuredmedia":[{"embeddable":true,"href":"https:\/\/cdnoticias.com\/index.php\/wp-json\/wp\/v2\/media\/31459"}],"wp:attachment":[{"href":"https:\/\/cdnoticias.com\/index.php\/wp-json\/wp\/v2\/media?parent=31458"}],"wp:term":[{"taxonomy":"category","embeddable":true,"href":"https:\/\/cdnoticias.com\/index.php\/wp-json\/wp\/v2\/categories?post=31458"},{"taxonomy":"post_tag","embeddable":true,"href":"https:\/\/cdnoticias.com\/index.php\/wp-json\/wp\/v2\/tags?post=31458"}],"curies":[{"name":"wp","href":"https:\/\/api.w.org\/{rel}","templated":true}]}}