{"id":31411,"date":"2021-08-31T20:44:07","date_gmt":"2021-08-31T23:44:07","guid":{"rendered":"http:\/\/www.centraldenoticias.com.ar\/?p=31411"},"modified":"2021-08-31T20:44:07","modified_gmt":"2021-08-31T23:44:07","slug":"victoria-altavista-hoy-volvi-a-nacer","status":"publish","type":"post","link":"https:\/\/cdnoticias.com\/index.php\/2021\/08\/31\/victoria-altavista-hoy-volvi-a-nacer\/","title":{"rendered":"Victoria Altavista: \u201cHoy volv\u00ed a nacer\u201d"},"content":{"rendered":"<p>La activista por los derechos de la diversidad plasm\u00f3 en un texto sus sentimientos a 4 a\u00f1os de la llegada de su nueva partida de nacimiento.<!--more--><\/p>\n<hr \/>\n<p><em>\u201cHoy es un d\u00eda de mucha movilizaci\u00f3n\u201d<\/em>, cont\u00f3 Victoria Altavista a <em>Central de Noticias<\/em> al cumplirse <strong>4 a\u00f1os de la llegada de su nueva partida de nacimiento.<\/strong><\/p>\n<p>&nbsp;<\/p>\n<p><em>\u201cLiteralmente volv\u00ed a nacer\u201d<\/em>, asegur\u00f3 la activista y <strong>comparti\u00f3 un texto<\/strong> con el objetivo de que<em> \u201ctal vez alguien al leerlo sepa que no hay que bajar los brazos\u201d.<\/em><\/p>\n<p>&nbsp;<\/p>\n<p>Victoria Altavista, tambi\u00e9n conocida como Madame L\u00fa, es la primera trabajadora trans que ingres\u00f3 al Municipio de nuestra ciudad. Adem\u00e1s, coordina el <strong>Espacio de Diversidad Sexual y Disidencias del Sindicato de Trabajadores Municipales.<\/strong><\/p>\n<p>&nbsp;<\/p>\n<p><img data-recalc-dims=\"1\" loading=\"lazy\" decoding=\"async\" class=\"alignnone size-full wp-image-7561\" src=\"https:\/\/i0.wp.com\/cdnoticias.com\/wp-content\/uploads\/2020\/11\/126843672_1772172252958646_4483435167429742455_o.jpg?resize=800%2C600&#038;ssl=1\" alt=\"\" width=\"800\" height=\"600\" srcset=\"https:\/\/i0.wp.com\/cdnoticias.com\/wp-content\/uploads\/2020\/11\/126843672_1772172252958646_4483435167429742455_o.jpg?w=960&amp;ssl=1 960w, https:\/\/i0.wp.com\/cdnoticias.com\/wp-content\/uploads\/2020\/11\/126843672_1772172252958646_4483435167429742455_o.jpg?resize=300%2C225&amp;ssl=1 300w, https:\/\/i0.wp.com\/cdnoticias.com\/wp-content\/uploads\/2020\/11\/126843672_1772172252958646_4483435167429742455_o.jpg?resize=768%2C576&amp;ssl=1 768w\" sizes=\"auto, (max-width: 800px) 100vw, 800px\" \/><\/p>\n<p>&nbsp;<\/p>\n<p><strong>El texto:<\/strong><\/p>\n<p>&nbsp;<\/p>\n<p>Todos los sentimientos encontrados gracias a un llamado que tanto esperaba: <strong>Hola Lu, est\u00e1 tu partida de nacimiento.<\/strong><\/p>\n<p>Y as\u00ed fue como un d\u00eda como hoy entre risas y l\u00e1grimas, junto a las personas que estuvieron presentes ese d\u00eda, tanto a la distancia como cerca, recib\u00ed un simple papel pero con la informaci\u00f3n que tanto so\u00f1\u00e9.<\/p>\n<p>&nbsp;<\/p>\n<p>El 7 de mayo de 1988 en Olavarr\u00eda, nace Victoria Altavista.<\/p>\n<p>&nbsp;<\/p>\n<p>Me tomaron mi nueva foto para el DNI. Qu\u00e9 ansiedad para recibir ese documento que por fin iba a llevar el nombre que hab\u00eda elegido y me iba a a representar.<\/p>\n<p>&nbsp;<\/p>\n<p>Entiendo que un papel o el mismo Estado, no dicen ni determinan quien soy. Todo va por dentro, en mis sentimientos, mis ideales y mi forma de encarar la vida.<\/p>\n<p>&nbsp;<\/p>\n<p>Agradezco nuevamente a cada una de lxs que me acompa\u00f1an en mis cambios y tambi\u00e9n sin rencores les agradezco a quienes pretendieron da\u00f1arme y me hicieron a\u00fan m\u00e1s fuerte.<\/p>\n<p>&nbsp;<\/p>\n<p>Ahora me presento nuevamente ante ustedes.<strong> Para quienes no me conocen soy Victoria Altavista de Recalde much\u00edsimo gusto. Y les deseo que vivan su vida como m\u00e1s les guste.<\/strong><\/p>\n<p>&nbsp;<\/p>\n<p>Por un futuro sin represi\u00f3n a nuestras identidades. Ojal\u00e1 este texto sirva para saber que se puede. <em>&#8220;Tarda en llegar pero al final hay recompensa&#8221;.<\/em><\/p>\n","protected":false},"excerpt":{"rendered":"<p>La activista por los derechos de la diversidad plasm\u00f3 en un texto sus sentimientos a 4 a\u00f1os de la llegada<\/p>\n","protected":false},"author":5,"featured_media":31414,"comment_status":"closed","ping_status":"closed","sticky":false,"template":"","format":"standard","meta":{"_jetpack_memberships_contains_paid_content":false,"footnotes":""},"categories":[3,1],"tags":[],"class_list":["post-31411","post","type-post","status-publish","format-standard","has-post-thumbnail","hentry","category-genero","category-portada"],"jetpack_featured_media_url":"https:\/\/i0.wp.com\/cdnoticias.com\/wp-content\/uploads\/2021\/08\/madame-lu.jpg?fit=800%2C445&ssl=1","jetpack_sharing_enabled":true,"_links":{"self":[{"href":"https:\/\/cdnoticias.com\/index.php\/wp-json\/wp\/v2\/posts\/31411","targetHints":{"allow":["GET"]}}],"collection":[{"href":"https:\/\/cdnoticias.com\/index.php\/wp-json\/wp\/v2\/posts"}],"about":[{"href":"https:\/\/cdnoticias.com\/index.php\/wp-json\/wp\/v2\/types\/post"}],"author":[{"embeddable":true,"href":"https:\/\/cdnoticias.com\/index.php\/wp-json\/wp\/v2\/users\/5"}],"replies":[{"embeddable":true,"href":"https:\/\/cdnoticias.com\/index.php\/wp-json\/wp\/v2\/comments?post=31411"}],"version-history":[{"count":0,"href":"https:\/\/cdnoticias.com\/index.php\/wp-json\/wp\/v2\/posts\/31411\/revisions"}],"wp:featuredmedia":[{"embeddable":true,"href":"https:\/\/cdnoticias.com\/index.php\/wp-json\/wp\/v2\/media\/31414"}],"wp:attachment":[{"href":"https:\/\/cdnoticias.com\/index.php\/wp-json\/wp\/v2\/media?parent=31411"}],"wp:term":[{"taxonomy":"category","embeddable":true,"href":"https:\/\/cdnoticias.com\/index.php\/wp-json\/wp\/v2\/categories?post=31411"},{"taxonomy":"post_tag","embeddable":true,"href":"https:\/\/cdnoticias.com\/index.php\/wp-json\/wp\/v2\/tags?post=31411"}],"curies":[{"name":"wp","href":"https:\/\/api.w.org\/{rel}","templated":true}]}}