{"id":31409,"date":"2021-08-31T20:46:33","date_gmt":"2021-08-31T23:46:33","guid":{"rendered":"http:\/\/www.centraldenoticias.com.ar\/?p=31409"},"modified":"2021-08-31T20:46:22","modified_gmt":"2021-08-31T23:46:22","slug":"axel-kicillof-encabezara-este-miercoles-un-acto-en-el-maxi-de-estudiantes","status":"publish","type":"post","link":"https:\/\/cdnoticias.com\/index.php\/2021\/08\/31\/axel-kicillof-encabezara-este-miercoles-un-acto-en-el-maxi-de-estudiantes\/","title":{"rendered":"Axel Kicillof encabezar\u00e1 este mi\u00e9rcoles un acto en el Maxi de Estudiantes"},"content":{"rendered":"<p>En ese mismo sitio el gobernador de la provincia de Buenos Aires liderar\u00e1 una rueda de prensa. Los detalles.<!--more--><\/p>\n<hr \/>\n<p><a href=\"https:\/\/cdnoticias.com\/index.php\/2021\/08\/30\/este-miercoles-axel-kicillof-llegara-nuevamente-a-olavarria\/\" target=\"_blank\" rel=\"noopener\">Tal como se hab\u00eda confirmado a inicios de semana<\/a>,<strong> en la jornada de este mi\u00e9rcoles el gobernador de la provincia de Buenos Aires desembarcar\u00e1 nuevamente en Olavarr\u00eda<\/strong>, tras la visita realizada semanas atr\u00e1s en el marco del acto celebrado en el Parque Mitre que cont\u00f3 con la presencia, entre otros, del presidente de la Naci\u00f3n Alberto Fern\u00e1ndez.<\/p>\n<p>&nbsp;<\/p>\n<p>Ahora la novedad est\u00e1 dada en que trascendieron detalles acerca de cu\u00e1l ser\u00e1 la hoja de ruta del mandatario bonaerense en nuestra ciudad, quien<strong> llegar\u00e1 previo paso por la ciudad de Azul, seg\u00fan logr\u00f3 conocer este portal.<\/strong><\/p>\n<p>&nbsp;<\/p>\n<p>Se detall\u00f3 que <strong>a partir de las 15:30 llevar\u00e1 adelante una conferencia de prensa en el Maxigimnasio del Club Atl\u00e9tico Estudiantes, lugar que ser\u00e1 tambi\u00e9n sede para un acto del que tomar\u00e1n parte candidatos y referentes del Frente de Todos a partir de las 16:30.<\/strong><\/p>\n","protected":false},"excerpt":{"rendered":"<p>En ese mismo sitio el gobernador de la provincia de Buenos Aires liderar\u00e1 una rueda de prensa. Los detalles.<\/p>\n","protected":false},"author":3,"featured_media":29583,"comment_status":"closed","ping_status":"closed","sticky":false,"template":"","format":"standard","meta":{"_jetpack_memberships_contains_paid_content":false,"footnotes":""},"categories":[4,1],"tags":[],"class_list":["post-31409","post","type-post","status-publish","format-standard","has-post-thumbnail","hentry","category-politica","category-portada"],"jetpack_featured_media_url":"https:\/\/i0.wp.com\/cdnoticias.com\/wp-content\/uploads\/2021\/08\/AB1313_2.jpg?fit=2602%2C1733&ssl=1","jetpack_sharing_enabled":true,"_links":{"self":[{"href":"https:\/\/cdnoticias.com\/index.php\/wp-json\/wp\/v2\/posts\/31409","targetHints":{"allow":["GET"]}}],"collection":[{"href":"https:\/\/cdnoticias.com\/index.php\/wp-json\/wp\/v2\/posts"}],"about":[{"href":"https:\/\/cdnoticias.com\/index.php\/wp-json\/wp\/v2\/types\/post"}],"author":[{"embeddable":true,"href":"https:\/\/cdnoticias.com\/index.php\/wp-json\/wp\/v2\/users\/3"}],"replies":[{"embeddable":true,"href":"https:\/\/cdnoticias.com\/index.php\/wp-json\/wp\/v2\/comments?post=31409"}],"version-history":[{"count":0,"href":"https:\/\/cdnoticias.com\/index.php\/wp-json\/wp\/v2\/posts\/31409\/revisions"}],"wp:featuredmedia":[{"embeddable":true,"href":"https:\/\/cdnoticias.com\/index.php\/wp-json\/wp\/v2\/media\/29583"}],"wp:attachment":[{"href":"https:\/\/cdnoticias.com\/index.php\/wp-json\/wp\/v2\/media?parent=31409"}],"wp:term":[{"taxonomy":"category","embeddable":true,"href":"https:\/\/cdnoticias.com\/index.php\/wp-json\/wp\/v2\/categories?post=31409"},{"taxonomy":"post_tag","embeddable":true,"href":"https:\/\/cdnoticias.com\/index.php\/wp-json\/wp\/v2\/tags?post=31409"}],"curies":[{"name":"wp","href":"https:\/\/api.w.org\/{rel}","templated":true}]}}